{"id":9922,"date":"2023-06-19T20:56:14","date_gmt":"2023-06-19T18:56:14","guid":{"rendered":"https:\/\/www.sp11.gliwice.pl\/?p=9922"},"modified":"2023-06-19T20:56:14","modified_gmt":"2023-06-19T18:56:14","slug":"klasa-1a-na-wycieczce","status":"publish","type":"post","link":"https:\/\/www.sp11.gliwice.pl\/?p=9922","title":{"rendered":"Klasa 1a na wycieczce :)"},"content":{"rendered":"<p><span style=\"color: #000000;\">19 czerwca klasa 1a wybra\u0142a si\u0119 na ostatni\u0105 wycieczk\u0119 w tym roku szkolnym,aby mi\u0142o sp\u0119dzi\u0107 wsp\u00f3lnie czas przed wakacjami:) Najpierw spacerowali\u015bmy po Ogrodzie Botanicznym w Zabrzu\ud83c\udf31\ud83c\udf37\ud83e\udd40\ud83d\udc1d\ud83e\udd8b,a nast\u0119pnie poszli\u015bmy do Gelato na pyszne lody i gofry\ud83c\udf66\ud83e\uddc7 W czasie wycieczki dopisywa\u0142o nam pi\u0119kne s\u0142oneczko\ud83c\udf1e oraz dobre humorki!\ud83d\ude01<\/span><\/p>\n<p style=\"text-align: right;\"><em>mgr Natalia Drapa<\/em><\/p>\nngg_shortcode_0_placeholder\n","protected":false},"excerpt":{"rendered":"<p>19 czerwca klasa 1a wybra\u0142a si\u0119 na ostatni\u0105 wycieczk\u0119 w tym roku szkolnym,aby mi\u0142o sp\u0119dzi\u0107 wsp\u00f3lnie czas przed wakacjami:) Najpierw spacerowali\u015bmy po Ogrodzie Botanicznym w [&hellip;]<\/p>\n","protected":false},"author":3,"featured_media":9923,"comment_status":"closed","ping_status":"closed","sticky":false,"template":"","format":"standard","meta":{"ngg_post_thumbnail":0,"footnotes":""},"categories":[4],"tags":[],"class_list":["post-9922","post","type-post","status-publish","format-standard","has-post-thumbnail","hentry","category-aktualnosci"],"_links":{"self":[{"href":"https:\/\/www.sp11.gliwice.pl\/index.php?rest_route=\/wp\/v2\/posts\/9922","targetHints":{"allow":["GET"]}}],"collection":[{"href":"https:\/\/www.sp11.gliwice.pl\/index.php?rest_route=\/wp\/v2\/posts"}],"about":[{"href":"https:\/\/www.sp11.gliwice.pl\/index.php?rest_route=\/wp\/v2\/types\/post"}],"author":[{"embeddable":true,"href":"https:\/\/www.sp11.gliwice.pl\/index.php?rest_route=\/wp\/v2\/users\/3"}],"replies":[{"embeddable":true,"href":"https:\/\/www.sp11.gliwice.pl\/index.php?rest_route=%2Fwp%2Fv2%2Fcomments&post=9922"}],"version-history":[{"count":1,"href":"https:\/\/www.sp11.gliwice.pl\/index.php?rest_route=\/wp\/v2\/posts\/9922\/revisions"}],"predecessor-version":[{"id":9924,"href":"https:\/\/www.sp11.gliwice.pl\/index.php?rest_route=\/wp\/v2\/posts\/9922\/revisions\/9924"}],"wp:featuredmedia":[{"embeddable":true,"href":"https:\/\/www.sp11.gliwice.pl\/index.php?rest_route=\/wp\/v2\/media\/9923"}],"wp:attachment":[{"href":"https:\/\/www.sp11.gliwice.pl\/index.php?rest_route=%2Fwp%2Fv2%2Fmedia&parent=9922"}],"wp:term":[{"taxonomy":"category","embeddable":true,"href":"https:\/\/www.sp11.gliwice.pl\/index.php?rest_route=%2Fwp%2Fv2%2Fcategories&post=9922"},{"taxonomy":"post_tag","embeddable":true,"href":"https:\/\/www.sp11.gliwice.pl\/index.php?rest_route=%2Fwp%2Fv2%2Ftags&post=9922"}],"curies":[{"name":"wp","href":"https:\/\/api.w.org\/{rel}","templated":true}]}}