{"id":9905,"date":"2023-06-18T20:04:00","date_gmt":"2023-06-18T18:04:00","guid":{"rendered":"https:\/\/www.sp11.gliwice.pl\/?p=9905"},"modified":"2023-06-18T20:04:00","modified_gmt":"2023-06-18T18:04:00","slug":"udzial-uczniow-w-malym-memoriale-zenona-seka","status":"publish","type":"post","link":"https:\/\/www.sp11.gliwice.pl\/?p=9905","title":{"rendered":"Udzia\u0142 uczni\u00f3w w Ma\u0142ym Memoriale Zenona S\u0119ka"},"content":{"rendered":"<p><span style=\"color: #000000;\">15 czerwca reprezentacja naszej szko\u0142y (uczniowie klas 4-7) wzi\u0119li udzia\u0142 w Ma\u0142ym Memoriale Zenona S\u0119ka, kt\u00f3ry odby\u0142 si\u0119 na stadionie lekkoatletycznym im. Eugeniusza Bieniasza. Organizatorem by\u0142a sekcja lekkoatletyczna GKS Piast. Memoria\u0142 by\u0142 przeprowadzony jak oficjalne zawody lekkoatletyczne z mierzeniem czasu, odleg\u0142o\u015bci czy wysoko\u015bci.<\/span><\/p>\n<div dir=\"auto\"><span style=\"color: #000000;\">Cel imprezy :<\/span><\/div>\n<div dir=\"auto\"><span style=\"color: #000000;\">\u2013 promowanie zdrowego stylu \u017cycia, popularyzacja lekkiej atletyki<\/span><\/div>\n<div dir=\"auto\"><span style=\"color: #000000;\">\u2013 zach\u0119cenie dzieci i m\u0142odzie\u017cy do uprawiania lekkiej atletyki<\/span><\/div>\n<div dir=\"auto\"><span style=\"color: #000000;\">\u2013 nab\u00f3r do sekcji lekkoatletycznej GKS PIAST Gliwice<\/span><\/div>\n<div dir=\"auto\"><span style=\"color: #000000;\">Niestety nie uda\u0142o si\u0119 zdoby\u0107 czo\u0142owych miejsc, ale wr\u00f3cili\u015bmy bogatsi o nowe do\u015bwiadczenia !&nbsp;&nbsp; \ud83d\ude42<\/span><\/div>\n<div dir=\"auto\">ngg_shortcode_0_placeholder<\/div>\n","protected":false},"excerpt":{"rendered":"<p>15 czerwca reprezentacja naszej szko\u0142y (uczniowie klas 4-7) wzi\u0119li udzia\u0142 w Ma\u0142ym Memoriale Zenona S\u0119ka, kt\u00f3ry odby\u0142 si\u0119 na stadionie lekkoatletycznym im. Eugeniusza Bieniasza. Organizatorem [&hellip;]<\/p>\n","protected":false},"author":3,"featured_media":9906,"comment_status":"closed","ping_status":"closed","sticky":false,"template":"","format":"standard","meta":{"ngg_post_thumbnail":0,"footnotes":""},"categories":[4],"tags":[],"class_list":["post-9905","post","type-post","status-publish","format-standard","has-post-thumbnail","hentry","category-aktualnosci"],"_links":{"self":[{"href":"https:\/\/www.sp11.gliwice.pl\/index.php?rest_route=\/wp\/v2\/posts\/9905","targetHints":{"allow":["GET"]}}],"collection":[{"href":"https:\/\/www.sp11.gliwice.pl\/index.php?rest_route=\/wp\/v2\/posts"}],"about":[{"href":"https:\/\/www.sp11.gliwice.pl\/index.php?rest_route=\/wp\/v2\/types\/post"}],"author":[{"embeddable":true,"href":"https:\/\/www.sp11.gliwice.pl\/index.php?rest_route=\/wp\/v2\/users\/3"}],"replies":[{"embeddable":true,"href":"https:\/\/www.sp11.gliwice.pl\/index.php?rest_route=%2Fwp%2Fv2%2Fcomments&post=9905"}],"version-history":[{"count":1,"href":"https:\/\/www.sp11.gliwice.pl\/index.php?rest_route=\/wp\/v2\/posts\/9905\/revisions"}],"predecessor-version":[{"id":9907,"href":"https:\/\/www.sp11.gliwice.pl\/index.php?rest_route=\/wp\/v2\/posts\/9905\/revisions\/9907"}],"wp:featuredmedia":[{"embeddable":true,"href":"https:\/\/www.sp11.gliwice.pl\/index.php?rest_route=\/wp\/v2\/media\/9906"}],"wp:attachment":[{"href":"https:\/\/www.sp11.gliwice.pl\/index.php?rest_route=%2Fwp%2Fv2%2Fmedia&parent=9905"}],"wp:term":[{"taxonomy":"category","embeddable":true,"href":"https:\/\/www.sp11.gliwice.pl\/index.php?rest_route=%2Fwp%2Fv2%2Fcategories&post=9905"},{"taxonomy":"post_tag","embeddable":true,"href":"https:\/\/www.sp11.gliwice.pl\/index.php?rest_route=%2Fwp%2Fv2%2Ftags&post=9905"}],"curies":[{"name":"wp","href":"https:\/\/api.w.org\/{rel}","templated":true}]}}