{"id":9888,"date":"2023-06-17T22:24:15","date_gmt":"2023-06-17T20:24:15","guid":{"rendered":"https:\/\/www.sp11.gliwice.pl\/?p=9888"},"modified":"2023-06-17T22:27:16","modified_gmt":"2023-06-17T20:27:16","slug":"vii-gliwickie-swieto-rodziny","status":"publish","type":"post","link":"https:\/\/www.sp11.gliwice.pl\/?p=9888","title":{"rendered":"VII Gliwickie \u015awi\u0119to Rodziny"},"content":{"rendered":"<p><span style=\"color: #000000;\">17 czerwca w Parku Chopina odby\u0142o si\u0119 VII Gliwickie \u015awi\u0119to Rodziny. <\/span><\/p>\n<p><span style=\"color: #000000;\">By\u0142o&nbsp; wiele atrakcji dla ma\u0142ych i du\u017cych. Mo\u017cna by\u0142o naprawd\u0119 mi\u0142o sp\u0119dzi\u0107 czas ca\u0142\u0105 rodzin\u0105 na \u0142onie natury, a przy okazji \u015bwietnie si\u0119 bawi\u0107!<\/span><\/p>\n<p><span style=\"color: #000000;\">W\u015br\u00f3d wielu atrakcji by\u0142y r\u00f3wnie\u017c wyst\u0119py uczni\u00f3w i przedszkolak\u00f3w z gliwickich plac\u00f3wek o\u015bwiatowych. <\/span><\/p>\n<p><span style=\"color: #000000;\">Nasz\u0105 szko\u0142\u0119&nbsp; reprezentowali uczniowie klasy 5 (<\/span><span style=\"color: #000000;\">Anna Knabel, <\/span><span style=\"color: #000000;\">Maja Matysiak, <\/span><span style=\"color: #000000;\">Zuzanna Pyka, <\/span><span style=\"color: #000000;\">Julia Straszak, <\/span><span style=\"color: #000000;\">Maja W\u00f3jcik, Martyna Zorn, Jakub Spyt) z utworem wokalnym&nbsp; &#8222;Dni, kt\u00f3rych nie znamy&#8221; &#8230;<\/span><\/p>\n<p><span style=\"color: #000000;\">Gratulujemy wyst\u0119pu i dzi\u0119kujemy \ud83d\ude42<\/span><\/p>\nngg_shortcode_0_placeholder\n","protected":false},"excerpt":{"rendered":"<p>17 czerwca w Parku Chopina odby\u0142o si\u0119 VII Gliwickie \u015awi\u0119to Rodziny. By\u0142o&nbsp; wiele atrakcji dla ma\u0142ych i du\u017cych. Mo\u017cna by\u0142o naprawd\u0119 mi\u0142o sp\u0119dzi\u0107 czas ca\u0142\u0105 [&hellip;]<\/p>\n","protected":false},"author":3,"featured_media":9897,"comment_status":"closed","ping_status":"closed","sticky":false,"template":"","format":"standard","meta":{"ngg_post_thumbnail":0,"footnotes":""},"categories":[4],"tags":[],"class_list":["post-9888","post","type-post","status-publish","format-standard","has-post-thumbnail","hentry","category-aktualnosci"],"_links":{"self":[{"href":"https:\/\/www.sp11.gliwice.pl\/index.php?rest_route=\/wp\/v2\/posts\/9888","targetHints":{"allow":["GET"]}}],"collection":[{"href":"https:\/\/www.sp11.gliwice.pl\/index.php?rest_route=\/wp\/v2\/posts"}],"about":[{"href":"https:\/\/www.sp11.gliwice.pl\/index.php?rest_route=\/wp\/v2\/types\/post"}],"author":[{"embeddable":true,"href":"https:\/\/www.sp11.gliwice.pl\/index.php?rest_route=\/wp\/v2\/users\/3"}],"replies":[{"embeddable":true,"href":"https:\/\/www.sp11.gliwice.pl\/index.php?rest_route=%2Fwp%2Fv2%2Fcomments&post=9888"}],"version-history":[{"count":3,"href":"https:\/\/www.sp11.gliwice.pl\/index.php?rest_route=\/wp\/v2\/posts\/9888\/revisions"}],"predecessor-version":[{"id":9900,"href":"https:\/\/www.sp11.gliwice.pl\/index.php?rest_route=\/wp\/v2\/posts\/9888\/revisions\/9900"}],"wp:featuredmedia":[{"embeddable":true,"href":"https:\/\/www.sp11.gliwice.pl\/index.php?rest_route=\/wp\/v2\/media\/9897"}],"wp:attachment":[{"href":"https:\/\/www.sp11.gliwice.pl\/index.php?rest_route=%2Fwp%2Fv2%2Fmedia&parent=9888"}],"wp:term":[{"taxonomy":"category","embeddable":true,"href":"https:\/\/www.sp11.gliwice.pl\/index.php?rest_route=%2Fwp%2Fv2%2Fcategories&post=9888"},{"taxonomy":"post_tag","embeddable":true,"href":"https:\/\/www.sp11.gliwice.pl\/index.php?rest_route=%2Fwp%2Fv2%2Ftags&post=9888"}],"curies":[{"name":"wp","href":"https:\/\/api.w.org\/{rel}","templated":true}]}}