{"id":9885,"date":"2023-06-17T22:10:51","date_gmt":"2023-06-17T20:10:51","guid":{"rendered":"https:\/\/www.sp11.gliwice.pl\/?p=9885"},"modified":"2023-06-17T22:10:51","modified_gmt":"2023-06-17T20:10:51","slug":"alpaki-w-przedszkolu","status":"publish","type":"post","link":"https:\/\/www.sp11.gliwice.pl\/?p=9885","title":{"rendered":"ALPAKI  W  PRZEDSZKOLU :)"},"content":{"rendered":"<p><span style=\"color: #993300;\">Alpaki s\u0105 zwierz\u0119tami stadnymi, kt\u00f3re hodowane s\u0105 w ca\u0142ej Ameryce Po\u0142udniowej. Zazwyczaj jednak \u017cyj\u0105 w umiarkowanych warunkach w Andach po\u0142udniowego Peru, zachodniej Boliwii, Ekwadoru i p\u00f3\u0142nocnego Chile .Wygl\u0105dem przypominaj\u0105 nieco wielb\u0142\u0105dy i lamy. Przodkiem Alpak jest po\u0142udniowoameryka\u0144ski ro\u015blino\u017cerny ssak parzystokopytny najmniejszy przedstawiciel rodziny wielb\u0142\u0105dowatych: wikunia.<\/span><\/p>\n<p><span style=\"color: #993300;\">&nbsp;&nbsp;&nbsp;&nbsp; Te wszystkie ciekawostki dzieci z naszego przedszkola pozna\u0142y 14 czerwca. na spotkaniu z Alpakami. Z wielkim zainteresowaniem s\u0142ucha\u0142y opowie\u015bci o Alpakach. Dowiedzia\u0142y si\u0119 r\u00f3wnie\u017c podczas spotkania, i\u017c Alpaki posiadaj\u0105 trzy \u017co\u0142\u0105dki i trzy powieki, maj\u0105 r\u00f3\u017cne odcienie futerek . Z sier\u015bci Alpak pozyskujemy w\u0142\u00f3czk\u0119 do r\u00f3\u017cnorodnych wyrob\u00f3w.<\/span><\/p>\n<p><span style=\"color: #993300;\">&nbsp;&nbsp; Przedszkolaki mog\u0142y samodzielnie nakarmi\u0107 Alpaki i pog\u0142aska\u0107 ich futerka.<\/span><\/p>\n<p><span style=\"color: #993300;\">&nbsp;&nbsp; Okazuje si\u0119, \u017ce poprzez uczestnictwo w zaj\u0119ciach z Alpakami stymulowane s\u0105 zmys\u0142y: s\u0142uchu, wzroku, dotyku, doskonali si\u0119 sprawno\u015b\u0107 ruchowa dzieci, rozwija samodzielno\u015b\u0107, obcowanie z nimi generuje du\u017co pozytywnych emocji.<\/span><\/p>\n<p><span style=\"color: #993300;\">&nbsp;&nbsp;&nbsp; Bu\u017aki&nbsp; naszych przedszkolak\u00f3w m\u00f3wi\u0142y same z siebie&#8230;..Chcemy jeszcze raz!!! \ud83d\ude42<\/span><\/p>\n<p style=\"text-align: right;\"><em>mgr Cecylia Pierzcha\u0142a<\/em><\/p>\nngg_shortcode_0_placeholder\n","protected":false},"excerpt":{"rendered":"<p>Alpaki s\u0105 zwierz\u0119tami stadnymi, kt\u00f3re hodowane s\u0105 w ca\u0142ej Ameryce Po\u0142udniowej. Zazwyczaj jednak \u017cyj\u0105 w umiarkowanych warunkach w Andach po\u0142udniowego Peru, zachodniej Boliwii, Ekwadoru i [&hellip;]<\/p>\n","protected":false},"author":3,"featured_media":9886,"comment_status":"closed","ping_status":"closed","sticky":false,"template":"","format":"standard","meta":{"ngg_post_thumbnail":0,"footnotes":""},"categories":[4],"tags":[],"class_list":["post-9885","post","type-post","status-publish","format-standard","has-post-thumbnail","hentry","category-aktualnosci"],"_links":{"self":[{"href":"https:\/\/www.sp11.gliwice.pl\/index.php?rest_route=\/wp\/v2\/posts\/9885","targetHints":{"allow":["GET"]}}],"collection":[{"href":"https:\/\/www.sp11.gliwice.pl\/index.php?rest_route=\/wp\/v2\/posts"}],"about":[{"href":"https:\/\/www.sp11.gliwice.pl\/index.php?rest_route=\/wp\/v2\/types\/post"}],"author":[{"embeddable":true,"href":"https:\/\/www.sp11.gliwice.pl\/index.php?rest_route=\/wp\/v2\/users\/3"}],"replies":[{"embeddable":true,"href":"https:\/\/www.sp11.gliwice.pl\/index.php?rest_route=%2Fwp%2Fv2%2Fcomments&post=9885"}],"version-history":[{"count":1,"href":"https:\/\/www.sp11.gliwice.pl\/index.php?rest_route=\/wp\/v2\/posts\/9885\/revisions"}],"predecessor-version":[{"id":9887,"href":"https:\/\/www.sp11.gliwice.pl\/index.php?rest_route=\/wp\/v2\/posts\/9885\/revisions\/9887"}],"wp:featuredmedia":[{"embeddable":true,"href":"https:\/\/www.sp11.gliwice.pl\/index.php?rest_route=\/wp\/v2\/media\/9886"}],"wp:attachment":[{"href":"https:\/\/www.sp11.gliwice.pl\/index.php?rest_route=%2Fwp%2Fv2%2Fmedia&parent=9885"}],"wp:term":[{"taxonomy":"category","embeddable":true,"href":"https:\/\/www.sp11.gliwice.pl\/index.php?rest_route=%2Fwp%2Fv2%2Fcategories&post=9885"},{"taxonomy":"post_tag","embeddable":true,"href":"https:\/\/www.sp11.gliwice.pl\/index.php?rest_route=%2Fwp%2Fv2%2Ftags&post=9885"}],"curies":[{"name":"wp","href":"https:\/\/api.w.org\/{rel}","templated":true}]}}