{"id":9856,"date":"2023-06-17T21:29:26","date_gmt":"2023-06-17T19:29:26","guid":{"rendered":"https:\/\/www.sp11.gliwice.pl\/?p=9856"},"modified":"2023-06-17T21:29:26","modified_gmt":"2023-06-17T19:29:26","slug":"konkurs-na-logo-i-nazwe-wolontariatu","status":"publish","type":"post","link":"https:\/\/www.sp11.gliwice.pl\/?p=9856","title":{"rendered":"Konkurs na logo i nazw\u0119 wolontariatu"},"content":{"rendered":"<div dir=\"auto\">\n<div dir=\"auto\"><span style=\"color: #000000;\">Konkurs na logo i nazw\u0119 Szkolnego Ko\u0142a Wolontariatu rozstrzygni\u0119ty!!!<\/span><\/div>\n<div dir=\"auto\"><span style=\"color: #000000;\">Komisja w sk\u0142adzie: Dyrektor Wojciech Kijewski, Vice dyrektor Beata Bodnar, opiekunowie Szkolnego Ko\u0142a Wolontariatu: Urszula Skubacz i Alicja Cielesta, nauczyciel plastyki Jolanta Lisowska oraz wolontariuszka Martyna Zorn mia\u0142a trudne zadanie, ale po burzliwej naradzie uda\u0142o si\u0119 wy\u0142oni\u0107 zwyci\u0119zc\u0119!<\/span><\/div>\n<div dir=\"auto\"><span style=\"color: #000000;\">Konkurs na logo i nazw\u0119 dla Szklonego Ko\u0142a Wolontariatu wygrywa&nbsp;<\/span><\/div>\n<div dir=\"auto\"><span style=\"color: #000000;\">Zuzanna Pyka z klasy 5!<\/span><\/div>\n<div dir=\"auto\"><span style=\"color: #000000;\">Bardzo pomys\u0142owe logo stworzyli r\u00f3wnie\u017c: Rafa\u0142 Mielnik, Adrianna Nowak, Julia Straszak, Zuzanna W\u0105sik, Marcin Kastelik, Szymon Lulek, Wiktoria W\u00f3jcik , Natalia Lech, \u0141ucja Pia\u015bci\u0144ska, Magdalena Mach, Natalia Lech.<\/span><\/div>\n<div dir=\"auto\"><span style=\"color: #000000;\">Dzi\u0119kujemy Radzie Rodzic\u00f3w SP 11 za ufundowanie nagr\u00f3d w konkursie!<\/span><\/div>\n<div dir=\"auto\"><span style=\"color: #000000;\">Serdecznie gratulujemy! \ud83d\ude42<br \/>\n<\/span><\/div>\n<div dir=\"auto\" style=\"text-align: right;\"><em>mgr Alicja Cielesta, mgr in\u017c Urszula Skubacz<\/em><\/div>\n<div dir=\"auto\">ngg_shortcode_0_placeholder<\/div>\n<\/div>\n","protected":false},"excerpt":{"rendered":"<p>Konkurs na logo i nazw\u0119 Szkolnego Ko\u0142a Wolontariatu rozstrzygni\u0119ty!!! Komisja w sk\u0142adzie: Dyrektor Wojciech Kijewski, Vice dyrektor Beata Bodnar, opiekunowie Szkolnego Ko\u0142a Wolontariatu: Urszula Skubacz [&hellip;]<\/p>\n","protected":false},"author":3,"featured_media":9857,"comment_status":"closed","ping_status":"closed","sticky":false,"template":"","format":"standard","meta":{"ngg_post_thumbnail":0,"footnotes":""},"categories":[4],"tags":[],"class_list":["post-9856","post","type-post","status-publish","format-standard","has-post-thumbnail","hentry","category-aktualnosci"],"_links":{"self":[{"href":"https:\/\/www.sp11.gliwice.pl\/index.php?rest_route=\/wp\/v2\/posts\/9856","targetHints":{"allow":["GET"]}}],"collection":[{"href":"https:\/\/www.sp11.gliwice.pl\/index.php?rest_route=\/wp\/v2\/posts"}],"about":[{"href":"https:\/\/www.sp11.gliwice.pl\/index.php?rest_route=\/wp\/v2\/types\/post"}],"author":[{"embeddable":true,"href":"https:\/\/www.sp11.gliwice.pl\/index.php?rest_route=\/wp\/v2\/users\/3"}],"replies":[{"embeddable":true,"href":"https:\/\/www.sp11.gliwice.pl\/index.php?rest_route=%2Fwp%2Fv2%2Fcomments&post=9856"}],"version-history":[{"count":1,"href":"https:\/\/www.sp11.gliwice.pl\/index.php?rest_route=\/wp\/v2\/posts\/9856\/revisions"}],"predecessor-version":[{"id":9858,"href":"https:\/\/www.sp11.gliwice.pl\/index.php?rest_route=\/wp\/v2\/posts\/9856\/revisions\/9858"}],"wp:featuredmedia":[{"embeddable":true,"href":"https:\/\/www.sp11.gliwice.pl\/index.php?rest_route=\/wp\/v2\/media\/9857"}],"wp:attachment":[{"href":"https:\/\/www.sp11.gliwice.pl\/index.php?rest_route=%2Fwp%2Fv2%2Fmedia&parent=9856"}],"wp:term":[{"taxonomy":"category","embeddable":true,"href":"https:\/\/www.sp11.gliwice.pl\/index.php?rest_route=%2Fwp%2Fv2%2Fcategories&post=9856"},{"taxonomy":"post_tag","embeddable":true,"href":"https:\/\/www.sp11.gliwice.pl\/index.php?rest_route=%2Fwp%2Fv2%2Ftags&post=9856"}],"curies":[{"name":"wp","href":"https:\/\/api.w.org\/{rel}","templated":true}]}}