{"id":9749,"date":"2023-06-09T21:19:39","date_gmt":"2023-06-09T19:19:39","guid":{"rendered":"https:\/\/www.sp11.gliwice.pl\/?p=9749"},"modified":"2023-06-09T21:37:42","modified_gmt":"2023-06-09T19:37:42","slug":"xx-turniej-gwiazd-im-henryka-baluszynskiego-juz-za-nami","status":"publish","type":"post","link":"https:\/\/www.sp11.gliwice.pl\/?p=9749","title":{"rendered":"XX Turniej Gwiazd im.Henryka Ba\u0142uszy\u0144skiego ju\u017c za nami &#8230;"},"content":{"rendered":"<p><span style=\"color: #000000;\">2 czerwca 2023 roku w gliwickim Marco Football Center odby\u0142 si\u0119 XX Turniej Gwiazd im.Henryka Ba\u0142uszy\u0144skiego. W tym roku w nieco innej formule &#8211; mecze rozgrywali uczniowie gliwickich szk\u00f3\u0142 podstawowych. <\/span><\/p>\n<p><span style=\"color: #000000;\">Nasi zawodnicy zaprezentowali si\u0119 z bardzo dobrej strony. Toczyli wyr\u00f3wnane pojedynki, a za sw\u00f3j trud i wzorow\u0105 postaw\u0119 na boisku otrzymali mn\u00f3stwo sportowych nagr\u00f3d. Dru\u017cyna Dziewcz\u0105t otrzyma\u0142a nagrod\u0119 Fair Play \ud83d\ude42 <\/span><\/p>\n<p><span style=\"color: #000000;\">Jest nam niezmiernie mi\u0142o, \u017ce Turniej otoczyli swoim patronatem\ud83d\ude42 :<\/span><\/p>\n<p><em>&#8211;<span style=\"color: #000000;\"> Senator RP Zygmunt Frankiewicz<\/span><\/em><\/p>\n<p><span style=\"color: #000000;\"><em>&#8211; Prezydent Miasta Gliwice Adam Neuman<\/em><\/span><\/p>\n<p><span style=\"color: #000000;\"><em>&#8211; Polski Komitet Olimpijski<\/em><\/span><\/p>\n<p><span style=\"color: #000000;\"><em>&#8211; Polski Zwi\u0105zek Pi\u0142ki No\u017cnej<\/em><\/span><\/p>\n<p><span style=\"color: #000000;\"><em>&#8211; \u015alaski Zwi\u0105zek Pi\u0142ki No\u017cnej<\/em><\/span><\/p>\n<p><span style=\"color: #000000;\"><em>&#8211; Podokr\u0119g Zabrze \u015al\u0105skiego Zwi\u0105zku Pi\u0142ki No\u017cnej<\/em><\/span><\/p>\n<p><span style=\"color: #000000;\"><em>&#8211; Gliwickie Towarzystwo Sympatyk\u00f3w Pi\u0142ki No\u017cnej Pi\u0119cioosobowej &#8222;Pi\u0105tka&#8221;<\/em><\/span><\/p>\n<p><em><span style=\"color: #000000;\">&#8211; Miros\u0142awa Ba\u0142uszy\u0144ska<\/span><\/em><\/p>\n<p><strong><span style=\"color: #000000;\">Dzi\u0119kujemy zaproszonym szko\u0142om&nbsp; (SP8, SP 14, SP 20, SP21, ZSP 9, ZSP 13), za udzia\u0142 i \u015bwietn\u0105 rywalizacj\u0119, a grupie ma\u017coretek z Gliwickiego MDK za opraw\u0119 artystyczn\u0105 \ud83d\ude42&nbsp; Podzi\u0119kowania sk\u0142adamy r\u00f3wnie\u017c wszystkim Sponsorom \ud83d\ude42<\/span> <\/strong><\/p>\n<p>pisz\u0105 o nas \ud83d\ude42 :<\/p>\n<p><a href=\"https:\/\/dziennikzachodni.pl\/xx-turniej-gwiazd-im-henryka-baluszynskiego-rozegrany-w-gliwicach-jubileuszowa-edycja-odbyla-sie-w-nieco-innej-niz-dotychczas\/ar\/c2-17599579\" target=\"_blank\" rel=\"noopener\">dziennik zachodni&nbsp;<\/a><\/p>\n<p><a href=\"https:\/\/gliwice.naszemiasto.pl\/turniej-gwiazd-im-henryka-baluszynskiego-rozegrany-w\/ar\/c2-9345433\" target=\"_blank\" rel=\"noopener\">Gliwice &#8211; nasze Miasto<\/a><\/p>\n<p>&nbsp;<\/p>\nngg_shortcode_0_placeholder\n<p>&nbsp;<\/p>\n","protected":false},"excerpt":{"rendered":"<p>2 czerwca 2023 roku w gliwickim Marco Football Center odby\u0142 si\u0119 XX Turniej Gwiazd im.Henryka Ba\u0142uszy\u0144skiego. W tym roku w nieco innej formule &#8211; mecze [&hellip;]<\/p>\n","protected":false},"author":3,"featured_media":9750,"comment_status":"closed","ping_status":"closed","sticky":false,"template":"","format":"standard","meta":{"ngg_post_thumbnail":0,"footnotes":""},"categories":[4],"tags":[],"class_list":["post-9749","post","type-post","status-publish","format-standard","has-post-thumbnail","hentry","category-aktualnosci"],"_links":{"self":[{"href":"https:\/\/www.sp11.gliwice.pl\/index.php?rest_route=\/wp\/v2\/posts\/9749","targetHints":{"allow":["GET"]}}],"collection":[{"href":"https:\/\/www.sp11.gliwice.pl\/index.php?rest_route=\/wp\/v2\/posts"}],"about":[{"href":"https:\/\/www.sp11.gliwice.pl\/index.php?rest_route=\/wp\/v2\/types\/post"}],"author":[{"embeddable":true,"href":"https:\/\/www.sp11.gliwice.pl\/index.php?rest_route=\/wp\/v2\/users\/3"}],"replies":[{"embeddable":true,"href":"https:\/\/www.sp11.gliwice.pl\/index.php?rest_route=%2Fwp%2Fv2%2Fcomments&post=9749"}],"version-history":[{"count":3,"href":"https:\/\/www.sp11.gliwice.pl\/index.php?rest_route=\/wp\/v2\/posts\/9749\/revisions"}],"predecessor-version":[{"id":9753,"href":"https:\/\/www.sp11.gliwice.pl\/index.php?rest_route=\/wp\/v2\/posts\/9749\/revisions\/9753"}],"wp:featuredmedia":[{"embeddable":true,"href":"https:\/\/www.sp11.gliwice.pl\/index.php?rest_route=\/wp\/v2\/media\/9750"}],"wp:attachment":[{"href":"https:\/\/www.sp11.gliwice.pl\/index.php?rest_route=%2Fwp%2Fv2%2Fmedia&parent=9749"}],"wp:term":[{"taxonomy":"category","embeddable":true,"href":"https:\/\/www.sp11.gliwice.pl\/index.php?rest_route=%2Fwp%2Fv2%2Fcategories&post=9749"},{"taxonomy":"post_tag","embeddable":true,"href":"https:\/\/www.sp11.gliwice.pl\/index.php?rest_route=%2Fwp%2Fv2%2Ftags&post=9749"}],"curies":[{"name":"wp","href":"https:\/\/api.w.org\/{rel}","templated":true}]}}