{"id":9733,"date":"2023-06-08T18:44:53","date_gmt":"2023-06-08T16:44:53","guid":{"rendered":"https:\/\/www.sp11.gliwice.pl\/?p=9733"},"modified":"2023-06-08T19:11:54","modified_gmt":"2023-06-08T17:11:54","slug":"klasa-5-u-smoka-wawelskiego","status":"publish","type":"post","link":"https:\/\/www.sp11.gliwice.pl\/?p=9733","title":{"rendered":"Klasa 5 w odwiedzinach u Smoka Wawelskiego :)"},"content":{"rendered":"<p><span style=\"color: #000000;\">7 czerwca 2023r. klasa 5 wraz z wychowawc\u0105 oraz dwiema mamami wybra\u0142a si\u0119 na wycieczk\u0119 do Krakowa poci\u0105giem. Po wyj\u015bciu z dworca g\u0142\u00f3wnego w Krakowie udali\u015bmy si\u0119 w podr\u00f3\u017c Drog\u0105 Kr\u00f3lewsk\u0105, na kt\u00f3rej poznawali\u015bmy najwa\u017cniejsze zabytki i atrakcje turystyczne Krakowa: Plac Matejki, Barbakan, Bram\u0119 Floria\u0144sk\u0105, Ko\u015bci\u00f3\u0142 Mariacki (us\u0142yszeli\u015bmy nawet Hejna\u0142\ud83d\ude0a), Ko\u015bci\u00f3\u0142 \u015bw. Piotra i Paw\u0142a. G\u0142\u00f3wnym celem naszej podr\u00f3\u017cy by\u0142o zwiedzanie Katedry na Wawelu. Nasz\u0105 uwag\u0119 przeku\u0142a nakryta z\u0142ocon\u0105 kopu\u0142\u0105 Kaplica Zygmuntowska, dzie\u0142o w\u0142oskich budowniczych okresu renesansu. W katedrze, opr\u00f3cz kr\u00f3l\u00f3w i ich rodzin, pochowani s\u0105 tak\u017ce polscy bohaterowie narodowi i literaci. Tym ostatnim po\u015bwi\u0119cono Krypt\u0119 Wieszcz\u00f3w, w kt\u00f3rej spoczywaj\u0105 Mickiewicz i S\u0142owacki. Intersuj\u0105cym puntem zwiedzania Katedry Wawelskiej by\u0142o wej\u015bcie w\u0105skimi, drewnianymi schodami na Wie\u017c\u0119 Zygmuntowsk\u0105 i zobaczenie na w\u0142asne oczy wielkiego ponad 12-tonowego dzwonu, zwanego Zygmuntem. Wed\u0142ug wierze\u0144 \u2013 kto pomy\u015bli \u017cyczenie i dotknie dzwonu lew\u0105 r\u0119k\u0105, temu \u017cyczenie si\u0119 spe\u0142ni. Ka\u017cdy z nas ma marzenia, wi\u0119c nic dziwnego, \u017ce wok\u00f3\u0142 dzwonu zrobi\u0142o si\u0119 t\u0142oczno \ud83d\ude09. Z okien wie\u017cy mo\u017cna by\u0142o podziwia\u0107 pi\u0119kne widoki \u2013 Stare Miasto. Z Wawelu udali\u015bmy si\u0119 w stron\u0119 rynku, nie zapominaj\u0105c o przywitaniu si\u0119 ze Smokiem Wawelskim. Tu tradycyjnie przeszli\u015bmy przez Sukiennice. Pe\u0142ni pozytywnych wra\u017ce\u0144, zaopatrzeni w pami\u0105tki z Krakowa udali\u015bmy si\u0119 poci\u0105giem w stron\u0119 Gliwic. Dzi\u0119kujemy Pani Soni i Pani Marzenie za pomoc w opiece i organizacji wycieczki.<\/span><\/p>\n<p style=\"text-align: right;\"><em>mgr Alicja Ciel<\/em><em>esta<\/em><\/p>\nngg_shortcode_0_placeholder\n","protected":false},"excerpt":{"rendered":"<p>7 czerwca 2023r. klasa 5 wraz z wychowawc\u0105 oraz dwiema mamami wybra\u0142a si\u0119 na wycieczk\u0119 do Krakowa poci\u0105giem. Po wyj\u015bciu z dworca g\u0142\u00f3wnego w Krakowie [&hellip;]<\/p>\n","protected":false},"author":3,"featured_media":9734,"comment_status":"closed","ping_status":"closed","sticky":false,"template":"","format":"standard","meta":{"ngg_post_thumbnail":0,"footnotes":""},"categories":[4],"tags":[],"class_list":["post-9733","post","type-post","status-publish","format-standard","has-post-thumbnail","hentry","category-aktualnosci"],"_links":{"self":[{"href":"https:\/\/www.sp11.gliwice.pl\/index.php?rest_route=\/wp\/v2\/posts\/9733","targetHints":{"allow":["GET"]}}],"collection":[{"href":"https:\/\/www.sp11.gliwice.pl\/index.php?rest_route=\/wp\/v2\/posts"}],"about":[{"href":"https:\/\/www.sp11.gliwice.pl\/index.php?rest_route=\/wp\/v2\/types\/post"}],"author":[{"embeddable":true,"href":"https:\/\/www.sp11.gliwice.pl\/index.php?rest_route=\/wp\/v2\/users\/3"}],"replies":[{"embeddable":true,"href":"https:\/\/www.sp11.gliwice.pl\/index.php?rest_route=%2Fwp%2Fv2%2Fcomments&post=9733"}],"version-history":[{"count":2,"href":"https:\/\/www.sp11.gliwice.pl\/index.php?rest_route=\/wp\/v2\/posts\/9733\/revisions"}],"predecessor-version":[{"id":9739,"href":"https:\/\/www.sp11.gliwice.pl\/index.php?rest_route=\/wp\/v2\/posts\/9733\/revisions\/9739"}],"wp:featuredmedia":[{"embeddable":true,"href":"https:\/\/www.sp11.gliwice.pl\/index.php?rest_route=\/wp\/v2\/media\/9734"}],"wp:attachment":[{"href":"https:\/\/www.sp11.gliwice.pl\/index.php?rest_route=%2Fwp%2Fv2%2Fmedia&parent=9733"}],"wp:term":[{"taxonomy":"category","embeddable":true,"href":"https:\/\/www.sp11.gliwice.pl\/index.php?rest_route=%2Fwp%2Fv2%2Fcategories&post=9733"},{"taxonomy":"post_tag","embeddable":true,"href":"https:\/\/www.sp11.gliwice.pl\/index.php?rest_route=%2Fwp%2Fv2%2Ftags&post=9733"}],"curies":[{"name":"wp","href":"https:\/\/api.w.org\/{rel}","templated":true}]}}