{"id":9679,"date":"2023-06-06T11:40:52","date_gmt":"2023-06-06T09:40:52","guid":{"rendered":"https:\/\/www.sp11.gliwice.pl\/?p=9679"},"modified":"2023-06-06T11:40:52","modified_gmt":"2023-06-06T09:40:52","slug":"kolejne-sukcesy-naszych-uczniow","status":"publish","type":"post","link":"https:\/\/www.sp11.gliwice.pl\/?p=9679","title":{"rendered":"Kolejne sukcesy naszych uczni\u00f3w :)"},"content":{"rendered":"<p><span style=\"color: #000000;\">Uczniowie naszej szko\u0142y wzi\u0119li udzia\u0142 w Mi\u0119dzyszkolnym Konkursie \u201eSzlakiem gliwickich rze\u017ab i pomnik\u00f3w\u201d organizowanym przez Szko\u0142\u0119 Podstawow\u0105 nr 41 w Gliwicach. Konkurs cieszy\u0142 si\u0119 bardzo du\u017cym zainteresowaniem- wp\u0142yn\u0119\u0142y&nbsp; 34 prace! \ud83d\ude42 <\/span><\/p>\n<p><span style=\"color: #000000;\">Tym bardziej cieszy fakt, \u017ce w\u015br\u00f3d laureat\u00f3w znale\u017ali si\u0119 nasi podopieczni \ud83d\ude42 <\/span><\/p>\n<p align=\"LEFT\"><span style=\"color: #000000;\">Kategoria klasy I \u2013 IV<\/span><\/p>\n<p align=\"LEFT\"><span style=\"color: #000000;\"><strong><span style=\"color: #ff0000;\">III miejs<\/span><span style=\"color: #ff0000;\">c<\/span><span style=\"color: #ff0000;\">e<\/span><\/strong> \u2013 Grzegorz Zimnicki klasa I Szko\u0142a Podstawowa nr 11<\/span><\/p>\n<p align=\"LEFT\"><strong><span style=\"color: #000000;\">Wyr\u00f3\u017cnienie:<\/span><\/strong><\/p>\n<p align=\"LEFT\"><span style=\"color: #000000;\">Aleksandra Zimnicka klasa II Szko\u0142a Podstawowa nr 11<\/span><\/p>\n<p align=\"LEFT\"><span style=\"color: #000000;\">Kategoria klasy V \u2013 VIII<\/span><\/p>\n<p align=\"LEFT\"><span style=\"color: #000000;\"><span style=\"color: #ff0000;\"><strong>I miejsce<\/strong><\/span> &#8211; Julia Straszak klasa V Szko\u0142a Podstawowa nr 11<\/span><\/p>\n<p align=\"LEFT\"><strong><span style=\"color: #000000;\">Wyr\u00f3\u017cnienie:<\/span><\/strong><\/p>\n<p align=\"LEFT\"><span style=\"color: #000000;\">Julia Miarecka klasa VII Szko\u0142a Podstawowa nr 11<\/span><\/p>\n<div class=\"\" dir=\"auto\">\n<div id=\":r18k:\" class=\"x1iorvi4 x1pi30zi x1l90r2v x1swvt13\" data-ad-comet-preview=\"message\" data-ad-preview=\"message\">\n<div class=\"x78zum5 xdt5ytf xz62fqu x16ldp7u\">\n<div class=\"xu06os2 x1ok221b\">\n<div class=\"xdj266r x11i5rnm xat24cr x1mh8g0r x1vvkbs x126k92a\">\n<div dir=\"auto\"><span style=\"color: #000000;\"><span style=\"color: #000000;\">Gratulujemy !!!! Wielkie brawa dla uczestnik\u00f3w konkursu- uczni\u00f3w i rodzic\u00f3w oraz opiekun\u00f3w \ud83d\ude42<\/span><\/span>ngg_shortcode_0_placeholder<\/div>\n<\/div>\n<\/div>\n<\/div>\n<\/div>\n<\/div>\n","protected":false},"excerpt":{"rendered":"<p>Uczniowie naszej szko\u0142y wzi\u0119li udzia\u0142 w Mi\u0119dzyszkolnym Konkursie \u201eSzlakiem gliwickich rze\u017ab i pomnik\u00f3w\u201d organizowanym przez Szko\u0142\u0119 Podstawow\u0105 nr 41 w Gliwicach. Konkurs cieszy\u0142 si\u0119 bardzo [&hellip;]<\/p>\n","protected":false},"author":3,"featured_media":9680,"comment_status":"closed","ping_status":"closed","sticky":false,"template":"","format":"standard","meta":{"ngg_post_thumbnail":0,"footnotes":""},"categories":[4],"tags":[],"class_list":["post-9679","post","type-post","status-publish","format-standard","has-post-thumbnail","hentry","category-aktualnosci"],"_links":{"self":[{"href":"https:\/\/www.sp11.gliwice.pl\/index.php?rest_route=\/wp\/v2\/posts\/9679","targetHints":{"allow":["GET"]}}],"collection":[{"href":"https:\/\/www.sp11.gliwice.pl\/index.php?rest_route=\/wp\/v2\/posts"}],"about":[{"href":"https:\/\/www.sp11.gliwice.pl\/index.php?rest_route=\/wp\/v2\/types\/post"}],"author":[{"embeddable":true,"href":"https:\/\/www.sp11.gliwice.pl\/index.php?rest_route=\/wp\/v2\/users\/3"}],"replies":[{"embeddable":true,"href":"https:\/\/www.sp11.gliwice.pl\/index.php?rest_route=%2Fwp%2Fv2%2Fcomments&post=9679"}],"version-history":[{"count":1,"href":"https:\/\/www.sp11.gliwice.pl\/index.php?rest_route=\/wp\/v2\/posts\/9679\/revisions"}],"predecessor-version":[{"id":9681,"href":"https:\/\/www.sp11.gliwice.pl\/index.php?rest_route=\/wp\/v2\/posts\/9679\/revisions\/9681"}],"wp:featuredmedia":[{"embeddable":true,"href":"https:\/\/www.sp11.gliwice.pl\/index.php?rest_route=\/wp\/v2\/media\/9680"}],"wp:attachment":[{"href":"https:\/\/www.sp11.gliwice.pl\/index.php?rest_route=%2Fwp%2Fv2%2Fmedia&parent=9679"}],"wp:term":[{"taxonomy":"category","embeddable":true,"href":"https:\/\/www.sp11.gliwice.pl\/index.php?rest_route=%2Fwp%2Fv2%2Fcategories&post=9679"},{"taxonomy":"post_tag","embeddable":true,"href":"https:\/\/www.sp11.gliwice.pl\/index.php?rest_route=%2Fwp%2Fv2%2Ftags&post=9679"}],"curies":[{"name":"wp","href":"https:\/\/api.w.org\/{rel}","templated":true}]}}