{"id":9664,"date":"2023-06-06T09:58:29","date_gmt":"2023-06-06T07:58:29","guid":{"rendered":"https:\/\/www.sp11.gliwice.pl\/?p=9664"},"modified":"2023-06-06T09:58:29","modified_gmt":"2023-06-06T07:58:29","slug":"bylo-sobie-prawo","status":"publish","type":"post","link":"https:\/\/www.sp11.gliwice.pl\/?p=9664","title":{"rendered":"By\u0142o sobie prawo &#8230;"},"content":{"rendered":"<p><span style=\"color: #000000;\">2 czerwca 2023 roku uczniowie klasy 3 go\u015bcili przedstawicieli Fundacji &#8222;By\u0142o Sobie Prawo.pl&#8221;.<\/span><\/p>\n<p><span style=\"color: #000000;\">Dzieci ch\u0119tnie uczestniczy\u0142y w lekcji podczas kt\u00f3rej mia\u0142y okazj\u0119 pozna\u0107 podstawy prawa i zrozumie\u0107, jak ono funkcjonuje oraz wp\u0142ywa na ich codzienno\u015b\u0107.<\/span><\/p>\n<p><span style=\"color: #000000;\">Zaj\u0119cia prowadzone przez Fundacj\u0119 &#8211; Pana Roberta Dopiera\u0142\u0119 mia\u0142y na celu edukacj\u0119 prawn\u0105 dzieci.<\/span><\/p>\n<p><span style=\"color: #000000;\">Bardzo dzi\u0119kujemy \ud83d\ude42 <\/span><\/p>\nngg_shortcode_0_placeholder\n","protected":false},"excerpt":{"rendered":"<p>2 czerwca 2023 roku uczniowie klasy 3 go\u015bcili przedstawicieli Fundacji &#8222;By\u0142o Sobie Prawo.pl&#8221;. Dzieci ch\u0119tnie uczestniczy\u0142y w lekcji podczas kt\u00f3rej mia\u0142y okazj\u0119 pozna\u0107 podstawy prawa [&hellip;]<\/p>\n","protected":false},"author":3,"featured_media":9665,"comment_status":"closed","ping_status":"closed","sticky":false,"template":"","format":"standard","meta":{"ngg_post_thumbnail":0,"footnotes":""},"categories":[4],"tags":[],"class_list":["post-9664","post","type-post","status-publish","format-standard","has-post-thumbnail","hentry","category-aktualnosci"],"_links":{"self":[{"href":"https:\/\/www.sp11.gliwice.pl\/index.php?rest_route=\/wp\/v2\/posts\/9664","targetHints":{"allow":["GET"]}}],"collection":[{"href":"https:\/\/www.sp11.gliwice.pl\/index.php?rest_route=\/wp\/v2\/posts"}],"about":[{"href":"https:\/\/www.sp11.gliwice.pl\/index.php?rest_route=\/wp\/v2\/types\/post"}],"author":[{"embeddable":true,"href":"https:\/\/www.sp11.gliwice.pl\/index.php?rest_route=\/wp\/v2\/users\/3"}],"replies":[{"embeddable":true,"href":"https:\/\/www.sp11.gliwice.pl\/index.php?rest_route=%2Fwp%2Fv2%2Fcomments&post=9664"}],"version-history":[{"count":1,"href":"https:\/\/www.sp11.gliwice.pl\/index.php?rest_route=\/wp\/v2\/posts\/9664\/revisions"}],"predecessor-version":[{"id":9666,"href":"https:\/\/www.sp11.gliwice.pl\/index.php?rest_route=\/wp\/v2\/posts\/9664\/revisions\/9666"}],"wp:featuredmedia":[{"embeddable":true,"href":"https:\/\/www.sp11.gliwice.pl\/index.php?rest_route=\/wp\/v2\/media\/9665"}],"wp:attachment":[{"href":"https:\/\/www.sp11.gliwice.pl\/index.php?rest_route=%2Fwp%2Fv2%2Fmedia&parent=9664"}],"wp:term":[{"taxonomy":"category","embeddable":true,"href":"https:\/\/www.sp11.gliwice.pl\/index.php?rest_route=%2Fwp%2Fv2%2Fcategories&post=9664"},{"taxonomy":"post_tag","embeddable":true,"href":"https:\/\/www.sp11.gliwice.pl\/index.php?rest_route=%2Fwp%2Fv2%2Ftags&post=9664"}],"curies":[{"name":"wp","href":"https:\/\/api.w.org\/{rel}","templated":true}]}}