{"id":9648,"date":"2023-06-06T09:36:38","date_gmt":"2023-06-06T07:36:38","guid":{"rendered":"https:\/\/www.sp11.gliwice.pl\/?p=9648"},"modified":"2023-06-06T09:36:38","modified_gmt":"2023-06-06T07:36:38","slug":"nagrody-wreczone","status":"publish","type":"post","link":"https:\/\/www.sp11.gliwice.pl\/?p=9648","title":{"rendered":"Nagrody wr\u0119czone ! :)"},"content":{"rendered":"<p><span style=\"color: black;\">5 czerwca 2023 odby\u0142o si\u0119 uroczyste wr\u0119czenie nagr\u00f3d laureatom&nbsp; MIEJSKIEGO KONKURSU PLASTYCZNO-LITERACKIEGO pod patronatem Prezydenta Miasta Gliwice Adama Neumanna z okazji 229 rocznicy urodzin Aleksandra Fredry ,,Jak ty komu, tak on tobie\u201d<\/span><\/p>\n<p><span style=\"color: #000000;\">Nagrody&nbsp; uczniom i opiekunom wr\u0119czy\u0142a Pani Wiceprezydent Gliwic Ewa Weber. Serdecznie dzi\u0119kujemy \ud83d\ude42<\/span><\/p>\n<p><strong><span style=\"color: navy;\">W kategorii klas IV-VI:<\/span><\/strong><\/p>\n<p><strong><u><span style=\"color: black;\">Miejsce<\/span><\/u><\/strong><\/p>\n<p><strong><span style=\"color: red;\">I<\/span><\/strong><span style=\"color: black;\">&nbsp; &#8211; <\/span><span style=\"color: red;\">Dawid Lukoszek<\/span><span style=\"color: black;\"> \u2013 Szko\u0142a Podstawowa z Oddzia\u0142ami Dwuj\u0119zycznymi nr 6 w Gliwicach<br \/>\n<\/span><strong><span style=\"color: red;\">II<\/span><\/strong><span style=\"color: red;\">&nbsp; &#8211; Zofia Sas-Roskowicz<\/span><span style=\"color: black;\"> \u2013 Szko\u0142a Podstawowa z Oddzia\u0142ami Dwuj\u0119zycznymi nr 6 w Gliwicach<br \/>\n<\/span><strong><span style=\"color: red;\">III<\/span><\/strong><span style=\"color: red;\">&nbsp; &#8211; Zuzanna Kukuczka<\/span><span style=\"color: black;\"> \u2013 ZSP nr 3 w Gliwicach<\/span><\/p>\n<p><strong><u><span style=\"color: black;\">Wyr\u00f3\u017cnienia:<\/span><\/u><\/strong><\/p>\n<p><span style=\"color: red;\">Julia Prze\u0142o\u017cny<\/span><span style=\"color: black;\"> \u2013 ZSP nr 3 w Gliwicach<\/span><br \/>\n<span style=\"color: red;\">Maksymilian Ch\u0142ond<\/span><span style=\"color: black;\"> \u2013 Szko\u0142a Podstawowa z Oddzia\u0142ami Dwuj\u0119zycznymi nr 6 w Gliwicach<\/span><\/p>\n<p>&nbsp;<\/p>\n<p><strong><span style=\"color: navy;\">W kategorii klas VII-VIII:<\/span><\/strong><\/p>\n<p><strong><u><span style=\"color: black;\">Miejsce:<\/span><\/u><\/strong><\/p>\n<p><strong><span style=\"color: red;\">I<\/span><\/strong><span style=\"color: red;\">&nbsp;&nbsp; &#8211; Hanna Witkowska<\/span><span style=\"color: black;\"> \u2013 SP nr 28 w Gliwicach<br \/>\n<\/span><strong><span style=\"color: red;\">II<\/span><\/strong><span style=\"color: red;\">&nbsp;&nbsp; &#8211; Maja Caban<\/span><span style=\"color: black;\"> \u2013 SP nr 39 w Gliwicach<br \/>\n<\/span><strong><span style=\"color: red;\">III<\/span><\/strong><span style=\"color: red;\">&nbsp; &#8211; Maja Szweda<\/span><span style=\"color: black;\"> \u2013 SP nr 28 w Gliwicach<\/span><\/p>\n<p><strong><u><span style=\"color: black;\">Wyr\u00f3\u017cnienia:<\/span><\/u><\/strong><\/p>\n<p><span style=\"color: red;\">Anna Felikszowska<\/span><span style=\"color: black;\"> \u2013 ZSP nr 1 w Gliwicach<\/span><br \/>\n<span style=\"color: red;\">\u0141ucja Pia\u015bci\u0144ska<\/span><span style=\"color: black;\"> \u2013 SP nr 11 w Gliwicach<\/span><\/p>\nngg_shortcode_0_placeholder\n","protected":false},"excerpt":{"rendered":"<p>5 czerwca 2023 odby\u0142o si\u0119 uroczyste wr\u0119czenie nagr\u00f3d laureatom&nbsp; MIEJSKIEGO KONKURSU PLASTYCZNO-LITERACKIEGO pod patronatem Prezydenta Miasta Gliwice Adama Neumanna z okazji 229 rocznicy urodzin Aleksandra [&hellip;]<\/p>\n","protected":false},"author":3,"featured_media":9649,"comment_status":"closed","ping_status":"closed","sticky":false,"template":"","format":"standard","meta":{"ngg_post_thumbnail":0,"footnotes":""},"categories":[4],"tags":[],"class_list":["post-9648","post","type-post","status-publish","format-standard","has-post-thumbnail","hentry","category-aktualnosci"],"_links":{"self":[{"href":"https:\/\/www.sp11.gliwice.pl\/index.php?rest_route=\/wp\/v2\/posts\/9648","targetHints":{"allow":["GET"]}}],"collection":[{"href":"https:\/\/www.sp11.gliwice.pl\/index.php?rest_route=\/wp\/v2\/posts"}],"about":[{"href":"https:\/\/www.sp11.gliwice.pl\/index.php?rest_route=\/wp\/v2\/types\/post"}],"author":[{"embeddable":true,"href":"https:\/\/www.sp11.gliwice.pl\/index.php?rest_route=\/wp\/v2\/users\/3"}],"replies":[{"embeddable":true,"href":"https:\/\/www.sp11.gliwice.pl\/index.php?rest_route=%2Fwp%2Fv2%2Fcomments&post=9648"}],"version-history":[{"count":1,"href":"https:\/\/www.sp11.gliwice.pl\/index.php?rest_route=\/wp\/v2\/posts\/9648\/revisions"}],"predecessor-version":[{"id":9650,"href":"https:\/\/www.sp11.gliwice.pl\/index.php?rest_route=\/wp\/v2\/posts\/9648\/revisions\/9650"}],"wp:featuredmedia":[{"embeddable":true,"href":"https:\/\/www.sp11.gliwice.pl\/index.php?rest_route=\/wp\/v2\/media\/9649"}],"wp:attachment":[{"href":"https:\/\/www.sp11.gliwice.pl\/index.php?rest_route=%2Fwp%2Fv2%2Fmedia&parent=9648"}],"wp:term":[{"taxonomy":"category","embeddable":true,"href":"https:\/\/www.sp11.gliwice.pl\/index.php?rest_route=%2Fwp%2Fv2%2Fcategories&post=9648"},{"taxonomy":"post_tag","embeddable":true,"href":"https:\/\/www.sp11.gliwice.pl\/index.php?rest_route=%2Fwp%2Fv2%2Ftags&post=9648"}],"curies":[{"name":"wp","href":"https:\/\/api.w.org\/{rel}","templated":true}]}}