{"id":9637,"date":"2023-06-05T22:22:36","date_gmt":"2023-06-05T20:22:36","guid":{"rendered":"https:\/\/www.sp11.gliwice.pl\/?p=9637"},"modified":"2023-06-05T22:22:36","modified_gmt":"2023-06-05T20:22:36","slug":"dzien-dziecka","status":"publish","type":"post","link":"https:\/\/www.sp11.gliwice.pl\/?p=9637","title":{"rendered":"Dzie\u0144 Dziecka :)"},"content":{"rendered":"<p><span style=\"color: #000000;\">Dzie\u0144 Dziecka jest w naszej szkole jednym z wa\u017cniejszych wydarze\u0144 dlatego i w tym roku \u015bwi\u0119towali\u015bmy, a\u017c dwa dni! W \u015brod\u0119 klasy 1- 3 by\u0142y na przedstawieniu \u201eKsi\u0119ga D\u017cungli&#8221; w pobliskim \u201eMrowisku&#8221;. Natomiast w czwartek wszystkie cztery klasy bawi\u0142y si\u0119 na pikniku, kt\u00f3ry zosta\u0142 zorganizowany przy naszej szkole. Opr\u00f3cz smacznych przek\u0105sek, kt\u00f3re przygotowali dla naszych najm\u0142odszych Rodzice towarzyszy\u0142a nam muzyka, ta\u0144ce, plansz\u00f3wki oraz gry i zabawy sportowe. Tegoroczny Dzie\u0144 Dziecka min\u0105\u0142 nam w mi\u0142ej i przyjemnej atmosferze, a naszym dzieciaczkom u\u015bmiech nie schodzi\u0142 z twarzy! \ud83d\ude42<br \/>\n<\/span><\/p>\n<p style=\"text-align: right;\"><em>mgr Natalia Drapa<\/em><\/p>\nngg_shortcode_0_placeholder\n","protected":false},"excerpt":{"rendered":"<p>Dzie\u0144 Dziecka jest w naszej szkole jednym z wa\u017cniejszych wydarze\u0144 dlatego i w tym roku \u015bwi\u0119towali\u015bmy, a\u017c dwa dni! W \u015brod\u0119 klasy 1- 3 by\u0142y [&hellip;]<\/p>\n","protected":false},"author":3,"featured_media":9638,"comment_status":"closed","ping_status":"closed","sticky":false,"template":"","format":"standard","meta":{"ngg_post_thumbnail":0,"footnotes":""},"categories":[4],"tags":[],"class_list":["post-9637","post","type-post","status-publish","format-standard","has-post-thumbnail","hentry","category-aktualnosci"],"_links":{"self":[{"href":"https:\/\/www.sp11.gliwice.pl\/index.php?rest_route=\/wp\/v2\/posts\/9637","targetHints":{"allow":["GET"]}}],"collection":[{"href":"https:\/\/www.sp11.gliwice.pl\/index.php?rest_route=\/wp\/v2\/posts"}],"about":[{"href":"https:\/\/www.sp11.gliwice.pl\/index.php?rest_route=\/wp\/v2\/types\/post"}],"author":[{"embeddable":true,"href":"https:\/\/www.sp11.gliwice.pl\/index.php?rest_route=\/wp\/v2\/users\/3"}],"replies":[{"embeddable":true,"href":"https:\/\/www.sp11.gliwice.pl\/index.php?rest_route=%2Fwp%2Fv2%2Fcomments&post=9637"}],"version-history":[{"count":1,"href":"https:\/\/www.sp11.gliwice.pl\/index.php?rest_route=\/wp\/v2\/posts\/9637\/revisions"}],"predecessor-version":[{"id":9639,"href":"https:\/\/www.sp11.gliwice.pl\/index.php?rest_route=\/wp\/v2\/posts\/9637\/revisions\/9639"}],"wp:featuredmedia":[{"embeddable":true,"href":"https:\/\/www.sp11.gliwice.pl\/index.php?rest_route=\/wp\/v2\/media\/9638"}],"wp:attachment":[{"href":"https:\/\/www.sp11.gliwice.pl\/index.php?rest_route=%2Fwp%2Fv2%2Fmedia&parent=9637"}],"wp:term":[{"taxonomy":"category","embeddable":true,"href":"https:\/\/www.sp11.gliwice.pl\/index.php?rest_route=%2Fwp%2Fv2%2Fcategories&post=9637"},{"taxonomy":"post_tag","embeddable":true,"href":"https:\/\/www.sp11.gliwice.pl\/index.php?rest_route=%2Fwp%2Fv2%2Ftags&post=9637"}],"curies":[{"name":"wp","href":"https:\/\/api.w.org\/{rel}","templated":true}]}}