{"id":9547,"date":"2023-05-30T22:13:13","date_gmt":"2023-05-30T20:13:13","guid":{"rendered":"https:\/\/www.sp11.gliwice.pl\/?p=9547"},"modified":"2023-05-30T22:14:14","modified_gmt":"2023-05-30T20:14:14","slug":"9547","status":"publish","type":"post","link":"https:\/\/www.sp11.gliwice.pl\/?p=9547","title":{"rendered":""},"content":{"rendered":"<p><span style=\"color: #000000;\">Z okazji zbli\u017caj\u0105cego si\u0119 Dnia Dziecka nasze przedszkolaki w dniu 29.05 uczestniczy\u0142y w warsztatach artystycznych na terenie plac\u00f3wki. Na zaj\u0119ciach dzieci bez u\u017cycia ig\u0142y i nici, tworzy\u0142y swojego w\u0142asnego, kolorowego misia. W\u0142asnor\u0119cznie wypycha\u0142y wn\u0119trze przytulanki, dopasowywa\u0142y misiowi oczka oraz ubi\u00f3r i ozdoby, kt\u00f3re nada\u0142y mu indywidualny i niepowtarzalny charakter. Na zako\u0144czenie wszystkie misie otrzyma\u0142y imiona, a dzieci mog\u0142y cieszy\u0107 si\u0119 swoj\u0105 now\u0105 mi\u0119ciutk\u0105 maskotk\u0105.<\/span><\/p>\nngg_shortcode_0_placeholder\n","protected":false},"excerpt":{"rendered":"<p>Z okazji zbli\u017caj\u0105cego si\u0119 Dnia Dziecka nasze przedszkolaki w dniu 29.05 uczestniczy\u0142y w warsztatach artystycznych na terenie plac\u00f3wki. Na zaj\u0119ciach dzieci bez u\u017cycia ig\u0142y i [&hellip;]<\/p>\n","protected":false},"author":3,"featured_media":9548,"comment_status":"closed","ping_status":"closed","sticky":false,"template":"","format":"standard","meta":{"ngg_post_thumbnail":0,"footnotes":""},"categories":[4],"tags":[],"class_list":["post-9547","post","type-post","status-publish","format-standard","has-post-thumbnail","hentry","category-aktualnosci"],"_links":{"self":[{"href":"https:\/\/www.sp11.gliwice.pl\/index.php?rest_route=\/wp\/v2\/posts\/9547","targetHints":{"allow":["GET"]}}],"collection":[{"href":"https:\/\/www.sp11.gliwice.pl\/index.php?rest_route=\/wp\/v2\/posts"}],"about":[{"href":"https:\/\/www.sp11.gliwice.pl\/index.php?rest_route=\/wp\/v2\/types\/post"}],"author":[{"embeddable":true,"href":"https:\/\/www.sp11.gliwice.pl\/index.php?rest_route=\/wp\/v2\/users\/3"}],"replies":[{"embeddable":true,"href":"https:\/\/www.sp11.gliwice.pl\/index.php?rest_route=%2Fwp%2Fv2%2Fcomments&post=9547"}],"version-history":[{"count":2,"href":"https:\/\/www.sp11.gliwice.pl\/index.php?rest_route=\/wp\/v2\/posts\/9547\/revisions"}],"predecessor-version":[{"id":9550,"href":"https:\/\/www.sp11.gliwice.pl\/index.php?rest_route=\/wp\/v2\/posts\/9547\/revisions\/9550"}],"wp:featuredmedia":[{"embeddable":true,"href":"https:\/\/www.sp11.gliwice.pl\/index.php?rest_route=\/wp\/v2\/media\/9548"}],"wp:attachment":[{"href":"https:\/\/www.sp11.gliwice.pl\/index.php?rest_route=%2Fwp%2Fv2%2Fmedia&parent=9547"}],"wp:term":[{"taxonomy":"category","embeddable":true,"href":"https:\/\/www.sp11.gliwice.pl\/index.php?rest_route=%2Fwp%2Fv2%2Fcategories&post=9547"},{"taxonomy":"post_tag","embeddable":true,"href":"https:\/\/www.sp11.gliwice.pl\/index.php?rest_route=%2Fwp%2Fv2%2Ftags&post=9547"}],"curies":[{"name":"wp","href":"https:\/\/api.w.org\/{rel}","templated":true}]}}