{"id":9493,"date":"2023-05-27T18:03:43","date_gmt":"2023-05-27T16:03:43","guid":{"rendered":"https:\/\/www.sp11.gliwice.pl\/?p=9493"},"modified":"2023-05-27T18:03:43","modified_gmt":"2023-05-27T16:03:43","slug":"etwinning-w-krainie-bajki","status":"publish","type":"post","link":"https:\/\/www.sp11.gliwice.pl\/?p=9493","title":{"rendered":"eTwinning &#8211; w krainie bajki :)"},"content":{"rendered":"<p><span style=\"color: #000000;\">Nasza ba\u015bniowa przygoda z projektem \u201eTell Tale Land\u201d w mi\u0119dzynarodowym programie eTwinning dobiega ko\u0144ca.<\/span><br \/>\n<span style=\"color: #000000;\">Przez ostatnie miesi\u0105ce, podczas zaj\u0119\u0107 ka\u017cdy kraj mia\u0142 za zadanie stworzy\u0107 pytania do swojej napisanej bajki, kt\u00f3re zosta\u0142y wykorzystane do wsp\u00f3lnej gry w KAHOOTA!<\/span><br \/>\n<span style=\"color: #000000;\">Ko\u0144cz\u0105c przygod\u0119 z projektem nagrali\u015bmy scenk\u0119 bajki \u201eThe Wolf and The Seven Little Goatlings\u201d (\u201eWilk i siedem ko\u017al\u0105tek\u201d), kt\u00f3r\u0105 mo\u017cna zobaczy\u0107 na naszym kanale You Tube.<\/span><\/p>\n<p><a href=\"https:\/\/youtu.be\/1WUGnT31tf0\" target=\"_blank\" rel=\"noopener\">https:\/\/youtu.be\/1WUGnT31tf0&nbsp;<\/a><br \/>\n<span style=\"color: #000000;\">Udzia\u0142 w projekcie przyni\u00f3s\u0142 nam wiele dobrego &#8211; wzmocni\u0142 samoocen\u0119 uczni\u00f3w, rozbudzi\u0142 ich kreatywno\u015b\u0107, pom\u00f3g\u0142 dzieciom doceni\u0107 tradycj\u0119 oraz zwr\u00f3ci\u0142 ich uwag\u0119 na podobie\u0144stwa i r\u00f3\u017cnice pomi\u0119dzy europejskimi narodowo\u015bciami. Poza tym, rozwin\u0105\u0142 w uczniach umiej\u0119tno\u015b\u0107 rozwi\u0105zywania problem\u00f3w, wzbogaci\u0142 ich sposoby obserwowania otaczaj\u0105cego je \u015bwiata, jak r\u00f3wnie\u017c reagowania na niego, a przy tym da\u0142 im mo\u017cliwo\u015b\u0107 poznania innych kultur.<\/span><br \/>\n<span style=\"color: #000000;\">Wszystkie te dzia\u0142ania sprawi\u0142y, \u017ce \u015bwietnie si\u0119 bawili\u015bmy i wiele zdo\u0142ali\u015bmy si\u0119 przez to nauczy\u0107.<\/span><\/p>\n<p style=\"text-align: right;\"><em>mgr Alicja Cielesta<\/em><\/p>\nngg_shortcode_0_placeholder\n","protected":false},"excerpt":{"rendered":"<p>Nasza ba\u015bniowa przygoda z projektem \u201eTell Tale Land\u201d w mi\u0119dzynarodowym programie eTwinning dobiega ko\u0144ca. Przez ostatnie miesi\u0105ce, podczas zaj\u0119\u0107 ka\u017cdy kraj mia\u0142 za zadanie stworzy\u0107 [&hellip;]<\/p>\n","protected":false},"author":3,"featured_media":9494,"comment_status":"closed","ping_status":"closed","sticky":false,"template":"","format":"standard","meta":{"ngg_post_thumbnail":0,"footnotes":""},"categories":[4],"tags":[],"class_list":["post-9493","post","type-post","status-publish","format-standard","has-post-thumbnail","hentry","category-aktualnosci"],"_links":{"self":[{"href":"https:\/\/www.sp11.gliwice.pl\/index.php?rest_route=\/wp\/v2\/posts\/9493","targetHints":{"allow":["GET"]}}],"collection":[{"href":"https:\/\/www.sp11.gliwice.pl\/index.php?rest_route=\/wp\/v2\/posts"}],"about":[{"href":"https:\/\/www.sp11.gliwice.pl\/index.php?rest_route=\/wp\/v2\/types\/post"}],"author":[{"embeddable":true,"href":"https:\/\/www.sp11.gliwice.pl\/index.php?rest_route=\/wp\/v2\/users\/3"}],"replies":[{"embeddable":true,"href":"https:\/\/www.sp11.gliwice.pl\/index.php?rest_route=%2Fwp%2Fv2%2Fcomments&post=9493"}],"version-history":[{"count":1,"href":"https:\/\/www.sp11.gliwice.pl\/index.php?rest_route=\/wp\/v2\/posts\/9493\/revisions"}],"predecessor-version":[{"id":9495,"href":"https:\/\/www.sp11.gliwice.pl\/index.php?rest_route=\/wp\/v2\/posts\/9493\/revisions\/9495"}],"wp:featuredmedia":[{"embeddable":true,"href":"https:\/\/www.sp11.gliwice.pl\/index.php?rest_route=\/wp\/v2\/media\/9494"}],"wp:attachment":[{"href":"https:\/\/www.sp11.gliwice.pl\/index.php?rest_route=%2Fwp%2Fv2%2Fmedia&parent=9493"}],"wp:term":[{"taxonomy":"category","embeddable":true,"href":"https:\/\/www.sp11.gliwice.pl\/index.php?rest_route=%2Fwp%2Fv2%2Fcategories&post=9493"},{"taxonomy":"post_tag","embeddable":true,"href":"https:\/\/www.sp11.gliwice.pl\/index.php?rest_route=%2Fwp%2Fv2%2Ftags&post=9493"}],"curies":[{"name":"wp","href":"https:\/\/api.w.org\/{rel}","templated":true}]}}