{"id":9471,"date":"2023-05-25T21:07:36","date_gmt":"2023-05-25T19:07:36","guid":{"rendered":"https:\/\/www.sp11.gliwice.pl\/?p=9471"},"modified":"2023-05-25T21:08:34","modified_gmt":"2023-05-25T19:08:34","slug":"szkolne-kolo-pttk-na-wycieczce","status":"publish","type":"post","link":"https:\/\/www.sp11.gliwice.pl\/?p=9471","title":{"rendered":"Szkolne Ko\u0142o PTTK na wycieczce :)"},"content":{"rendered":"<p><span style=\"color: #000000;\">W dniach 23 &#8211; 25 maja 2023 uczniowie nale\u017c\u0105cy do Szkolnego Ko\u0142a PTTK pod opiek\u0105 pana Darka Kobylarza i pana Krzysztofa Kupca udali si\u0119 na wycieczk\u0119 turystyczno &#8211; krajoznawcz\u0105 do Wis\u0142y. Dzi\u0119kujemy r\u00f3wnie\u017c za pomoc i opiek\u0119 Pani Marzenie Su\u0142kowskiej &#8211; Straszak \ud83d\ude42 <\/span><\/p>\n<p><span style=\"color: #000000;\">Celem wyjazdu by\u0142o zapoznanie z regionem g\u00f3rskim, praktyczne zastosowanie mapy w terenie, wzbudzenie zainteresowania turystyk\u0105 piesz\u0105. \ud83d\ude42 <\/span><\/p>\n<p><span style=\"color: #000000;\">Uczniowie z u\u015bmiechem na buziach pokonywali kolejne kilometry, by noc sp\u0119dzi\u0107 w Schronisku na Sto\u017cku \ud83d\ude42 <\/span><\/p>\n<p><span style=\"color: #000000;\">Szcz\u0119\u015bliwi i zadowoleni wr\u00f3cili z tych g\u00f3rskich w\u0119dr\u00f3wek \ud83d\ude42 <\/span><\/p>\n<p><span style=\"color: #000000;\">Na bie\u017c\u0105co wysy\u0142ane by\u0142y kr\u00f3tkie fotorelacje \ud83d\ude42 <\/span><\/p>\n<div dir=\"auto\">\n<div dir=\"auto\"><span style=\"color: #000000;\">[23.05, 10:13]&nbsp; Pierwszy etap&nbsp; drogi do Wis\u0142y za nami \u263a\ufe0f<\/span><\/div>\n<div dir=\"auto\"><span style=\"color: #000000;\">[23.05, 15:44]&nbsp; Ostatnie metry do schroniska \ud83d\udcaa<\/span><\/div>\n<div dir=\"auto\"><span style=\"color: #000000;\">[23.05, 19:02] Spacer po obiedzie \u263a\ufe0f<\/span><\/div>\n<div dir=\"auto\"><span style=\"color: #000000;\">[23.05, 20:37]&nbsp; Kolacja przy blasku ogniska \u263a\ufe0f<\/span><\/div>\n<div dir=\"auto\"><span style=\"color: #000000;\">[24.05, 12:08]&nbsp; W drodze na dworzec PKP.<\/span><\/div>\n<div dir=\"auto\"><span style=\"color: #000000;\">[24.05, 12:42]&nbsp; Nareszcie cywilizacja!!!&nbsp; I sklepy \ud83d\ude2d<\/span><\/div>\n<div dir=\"auto\"><span style=\"color: #000000;\">[24.05, 14:49]&nbsp; Po obiedzie trasa koncertowa \ud83d\udc4d<\/span><\/div>\n<div dir=\"auto\"><span style=\"color: #000000;\">[24.05, 17:52]&nbsp; Mc Donald w terenie \ud83d\ude2d<\/span><\/div>\n<div dir=\"auto\">\n<div dir=\"auto\">\n<div dir=\"auto\"><span style=\"color: #000000;\">[25.05, 11:26]&nbsp; W oczekiwaniu na poci\u0105g. Pozdrawiamy \u263a\ufe0f<\/span><\/div>\n<div dir=\"auto\"><span style=\"color: #000000;\">[25.05, 14:37] W drodze do Gliwic<\/span><\/div>\n<div dir=\"auto\"><span style=\"color: #000000;\">[25.05, 17:07]&nbsp; Dzi\u0119kujemy bardzo \u263a\ufe0f<\/span><\/div>\n<div dir=\"auto\">ngg_shortcode_0_placeholder<\/div>\n<\/div>\n<\/div>\n<\/div>\n","protected":false},"excerpt":{"rendered":"<p>W dniach 23 &#8211; 25 maja 2023 uczniowie nale\u017c\u0105cy do Szkolnego Ko\u0142a PTTK pod opiek\u0105 pana Darka Kobylarza i pana Krzysztofa Kupca udali si\u0119 na [&hellip;]<\/p>\n","protected":false},"author":3,"featured_media":9472,"comment_status":"closed","ping_status":"closed","sticky":false,"template":"","format":"standard","meta":{"ngg_post_thumbnail":0,"footnotes":""},"categories":[4],"tags":[],"class_list":["post-9471","post","type-post","status-publish","format-standard","has-post-thumbnail","hentry","category-aktualnosci"],"_links":{"self":[{"href":"https:\/\/www.sp11.gliwice.pl\/index.php?rest_route=\/wp\/v2\/posts\/9471","targetHints":{"allow":["GET"]}}],"collection":[{"href":"https:\/\/www.sp11.gliwice.pl\/index.php?rest_route=\/wp\/v2\/posts"}],"about":[{"href":"https:\/\/www.sp11.gliwice.pl\/index.php?rest_route=\/wp\/v2\/types\/post"}],"author":[{"embeddable":true,"href":"https:\/\/www.sp11.gliwice.pl\/index.php?rest_route=\/wp\/v2\/users\/3"}],"replies":[{"embeddable":true,"href":"https:\/\/www.sp11.gliwice.pl\/index.php?rest_route=%2Fwp%2Fv2%2Fcomments&post=9471"}],"version-history":[{"count":2,"href":"https:\/\/www.sp11.gliwice.pl\/index.php?rest_route=\/wp\/v2\/posts\/9471\/revisions"}],"predecessor-version":[{"id":9474,"href":"https:\/\/www.sp11.gliwice.pl\/index.php?rest_route=\/wp\/v2\/posts\/9471\/revisions\/9474"}],"wp:featuredmedia":[{"embeddable":true,"href":"https:\/\/www.sp11.gliwice.pl\/index.php?rest_route=\/wp\/v2\/media\/9472"}],"wp:attachment":[{"href":"https:\/\/www.sp11.gliwice.pl\/index.php?rest_route=%2Fwp%2Fv2%2Fmedia&parent=9471"}],"wp:term":[{"taxonomy":"category","embeddable":true,"href":"https:\/\/www.sp11.gliwice.pl\/index.php?rest_route=%2Fwp%2Fv2%2Fcategories&post=9471"},{"taxonomy":"post_tag","embeddable":true,"href":"https:\/\/www.sp11.gliwice.pl\/index.php?rest_route=%2Fwp%2Fv2%2Ftags&post=9471"}],"curies":[{"name":"wp","href":"https:\/\/api.w.org\/{rel}","templated":true}]}}