{"id":9380,"date":"2023-05-23T21:28:20","date_gmt":"2023-05-23T19:28:20","guid":{"rendered":"https:\/\/www.sp11.gliwice.pl\/?p=9380"},"modified":"2023-05-24T14:09:42","modified_gmt":"2023-05-24T12:09:42","slug":"jubileusz-150-lecia-szkoly-juz-za-nami","status":"publish","type":"post","link":"https:\/\/www.sp11.gliwice.pl\/?p=9380","title":{"rendered":"JUBILEUSZ 150 lecia SZKO\u0141Y ju\u017c za nami &#8230;"},"content":{"rendered":"<p><span style=\"color: #000000;\">28 kwietnia 2023 r. w naszej Plac\u00f3wce odby\u0142a si\u0119 wyj\u0105tkowa uroczysto\u015b\u0107: 150 rocznica powstania Szko\u0142y.<\/span><\/p>\n<p><span style=\"color: #000000;\">W&nbsp; pi\u0119knie udekorowanej sali gimnastycznej zasiedli liczni zaproszeni go\u015bcie:<\/span><\/p>\n<p><span style=\"color: #000000;\">Prezydent Miasta Gliwice \u2013&nbsp; pan Adam Neumann,<br \/>\n<\/span><span style=\"color: #000000;\">Przewodnicz\u0105cy Rady Miasta Gliwice \u2013 pan Marek Pszonak,<br \/>\n<\/span><span style=\"color: #000000;\">Przewodnicz\u0105ca Komisji Edukacji, Kultury i Sportu Rady Miasta Gliwice \u2013 pani Krystyna Sowa,<br \/>\n<\/span><span style=\"color: #000000;\">Naczelnik Wydzia\u0142u Edukacji UM Gliwice \u2013 pan Mariusz Kucharz,<br \/>\n<\/span><span style=\"color: #000000;\">Radni Rady Miasta Gliwice \u2013 panowie Marcin Kie\u0142pi\u0144ski i Marcin Bodzioch,<br \/>\n<\/span><span style=\"color: #000000;\">Dyrektor&nbsp; Delegatury w Gliwicach, Kuratorium O\u015bwiaty w Katowicach \u2013 pan&nbsp; Wojciech Zaj\u0105c,<br \/>\n<\/span><span style=\"color: #000000;\">Wizytator Delegatury w Gliwicach, &nbsp;Kuratorium O\u015bwiaty w Katowicach \u2013 pani Beata G\u00f3rna,<br \/>\n<\/span><span style=\"color: #000000;\">Dyrektor Szko\u0142y Podstawowej nr 11 w Gliwicach&nbsp; &#8211; pani El\u017cbieta Ciepli\u0144ska,<br \/>\n<\/span><span style=\"color: #000000;\">Prezes gliwickiego oddzia\u0142u ZNP \u2013 pani Ma\u0142gorzata Popi\u0144ska,<br \/>\n<\/span><span style=\"color: #000000;\">Prezes gliwickiego oddzia\u0142u Zwi\u0105zku Zawodowego Pracownik\u00f3w O\u015bwiaty \u201eSolidarno\u015b\u0107\u201d&nbsp; &#8211; pani Maria Konar,<br \/>\n<\/span><span style=\"color: #000000;\">Przewodnicz\u0105cy Rady Dzielnicy Ligota Zabrska \u2013 pan Marcin Grabiec,<br \/>\n<\/span><span style=\"color: #000000;\">Przewodnicz\u0105ca Rady Rodzic\u00f3w Szko\u0142y Podstawowej nr 11 w Gliwicach \u2013 pani Joanna Wojdyna,<br \/>\n<\/span><span style=\"color: #000000;\">Prezes I ZBM TBS w Gliwicach \u2013 pan Andrzej Tomal,<br \/>\n<\/span><span style=\"color: #000000;\">Prezes PWiK w Gliwicach \u2013 pan Adam Cieka\u0144ski,<br \/>\n<\/span><span style=\"color: #000000;\">By\u0142y Skarbnik Urz\u0119du Miasta Gliwice &#8211; pan Janusz Adam Siejko<br \/>\n<\/span><span style=\"color: #000000;\">Prezes Podokr\u0119gu Zabrze \u015aZPN \u2013 pan Jaros\u0142aw Bry\u015b,<br \/>\n<\/span><span style=\"color: #000000;\">Pan Jaros\u0142aw Kaszowski z Akademii Pi\u0142karskiej TEAM w Gliwicach,<br \/>\n<\/span><span style=\"color: #000000;\">Prezes Gliwickiego Towarzystwa Sympatyk\u00f3w Pi\u0142ki No\u017cnej Pi\u0119cioosobowej PI\u0104TKA \u2013 pani Izabela Wojew\u00f3dzka,<br \/>\n<\/span><span style=\"color: #000000;\">Dziennikarka \u201eNowin Gliwickich\u201d \u2013 pani Adriana Urgacz \u2013 Ku\u017aniak,<br \/>\n<\/span><span style=\"color: #000000;\">Solista Opery Krakowskiej i Opery \u015al\u0105skiej, pan Adam Sobierajski,<br \/>\n<\/span><span style=\"color: #000000;\">Dyrektor hotelu Qubus w Gliwicach, pani Aleksandra Niemczyk,<br \/>\n<\/span><span style=\"color: #000000;\">Zast\u0119pca dyrektora Banku PKO BP w Gliwicach, pan Artur Nawrot,<br \/>\n<\/span><span style=\"color: #000000;\">Dyrektorzy gliwickich szk\u00f3\u0142 i Poradni Pedagogiczno \u2013 Psychologicznej, emerytowani pracownicy Szko\u0142y Podstawowej nr 11 w Gliwicach, nauczyciele oraz rodzice.<\/span><\/p>\n<p><span style=\"color: #000000;\">&nbsp;Uroczysto\u015b\u0107 rozpocz\u0119to wprowadzeniem pocztu sztandarowego oraz od\u015bpiewaniem hymnu pa\u0144stwowego. <\/span><br \/>\n<span style=\"color: #000000;\">Nast\u0119pnie dyrektor Wojciech Kijewski powita\u0142 go\u015bci i wszystkie zgromadzone w sali osoby. Dzieci z grup przedszkolnych oraz uczniowie klasy 8&nbsp; zaprezentowali si\u0119 w pi\u0119knie zata\u0144czonym, dostojnym&nbsp; i poruszaj\u0105cym polonezie skomponowanym przez Wojciecha Kilara do&nbsp; filmu \u201ePan Tadeusz\u201d.<\/span><\/p>\n<p><span style=\"color: #000000;\">&nbsp;<\/span><span style=\"color: #000000;\">Zaproszeni Go\u015bci&nbsp; &#8211; na czele z Prezydentem Miasta Gliwice, panem Adamem Neumanem &#8211; z\u0142o\u017cyli na r\u0119ce pana Wojciecha Kijewskiego gratulacje oraz okoliczno\u015bciowe upominki.<\/span><\/p>\n<p><span style=\"color: #000000;\">Pan Dariusz Kobylarz, nauczyciel historii, przygotowa\u0142 prezentacj\u0119, kt\u00f3ra przypomnia\u0142a stare i nowe fotografie, dokumenty oraz d\u0142ug\u0105 histori\u0119 Szko\u0142y. <\/span><span style=\"color: #000000;\">&nbsp;<\/span><\/p>\n<p><span style=\"color: #000000;\">Zebrani podziwiali wyst\u0119py wielu utalentowanych uczni\u00f3w oraz absolwent\u00f3w, kt\u00f3rzy \u015bpiewali, recytowali i ta\u0144czyli. Go\u015bcie podziwiali talenty aktorskie uczni\u00f3w ucz\u0119szczaj\u0105cych na zaj\u0119cia dzia\u0142aj\u0105cego <\/span><span style=\"color: #000000;\">w Szkole ko\u0142a teatralnego. &nbsp;<\/span><\/p>\n<p><span style=\"color: #000000;\">&nbsp;<\/span><span style=\"color: #000000;\">Uroczysto\u015b\u0107 u\u015bwietni\u0142 swym pi\u0119knym g\u0142osem pan Adam Sobierajski, tenor, solista Opery \u015al\u0105skiej w Bytomiu i&nbsp; Opery Krakowskiej. Niespodziank\u0105 by\u0142o zaproszenie do wsp\u00f3lnego \u015bpiewu znanej neapolita\u0144skiej pie\u015bni \u201eFunicul\u00ec funicul\u00e0\u201d. Popularna melodia szybko spowodowa\u0142a, \u017ce ust\u0105pi\u0142a pocz\u0105tkowa trema. <\/span><\/p>\n<p><span style=\"color: #000000;\">Tu\u017c po panu Adamie Sobierajskim na scenie pojawi\u0142 si\u0119 \u201eKamerton\u201d \u2013 zesp\u00f3\u0142 wokalny dzia\u0142aj\u0105cy w Szkole od 30 lat, prowadzony przez pani\u0105 Beat\u0119 Bodnar, obecn\u0105 wicedyrektor Plac\u00f3wki.&nbsp; Nie zabrak\u0142o r\u00f3wnie\u017c pana Krzysztofa Polaneckiego, by\u0142ego wsp\u00f3\u0142opiekuna \u201eKamertonu\u201d i wsp\u00f3\u0142pracuj\u0105cej od tego roku z Kamertonem pani Anety Rybowicz.<br \/>\n<\/span><\/p>\n<p><span style=\"color: #000000;\">Organizatorki uroczysto\u015bci, pani Agnieszka Zwoli\u0144ska i pani Natalia Drapa przygotowa\u0142y r\u00f3wnie\u017c wystaw\u0119 prezentuj\u0105c\u0105 zdj\u0119cia: nowe, stare i te najstarsze \u2013 po\u017c\u00f3\u0142k\u0142e, cz\u0119sto uszkodzone, ale przywo\u0142uj\u0105ce wiele wzruszaj\u0105cych wspomnie\u0144 i refleksji, a wszystko przy pi\u0119knie wystrojonej przez pani\u0105 Jolant\u0119 Lisowsk\u0105 sali gimnastycznej. <\/span><\/p>\n<p><span style=\"color: #000000;\">W ma\u0142ej sali gimnastycznej czeka\u0142a na Go\u015bci \u201es\u0142odka\u201d kawiarenka <\/span><span style=\"color: #000000;\">i aromatyczna kawa. Nie zabrak\u0142o r\u00f3wnie\u017c urodzinowego tortu.<\/span><\/p>\n<p><span style=\"color: #000000;\">&nbsp;Zapraszamy do obejrzenia kr\u00f3tkich relacji z uroczysto\u015bci.<br \/>\n<\/span><\/p>\n<p>&nbsp;<\/p>\n<p><iframe title=\"150 lecie SP11 w Gliwicach -  Nie ma jak w naszej szkole\" width=\"640\" height=\"360\" src=\"https:\/\/www.youtube.com\/embed\/QfGTg2HveS4?feature=oembed\" frameborder=\"0\" allow=\"accelerometer; autoplay; clipboard-write; encrypted-media; gyroscope; picture-in-picture; web-share\" referrerpolicy=\"strict-origin-when-cross-origin\" allowfullscreen><\/iframe><\/p>\n<p><iframe title=\"150 lecie SP 11 - gala jubileuszowa\" width=\"640\" height=\"360\" src=\"https:\/\/www.youtube.com\/embed\/qd-E9KF8su8?feature=oembed\" frameborder=\"0\" allow=\"accelerometer; autoplay; clipboard-write; encrypted-media; gyroscope; picture-in-picture; web-share\" referrerpolicy=\"strict-origin-when-cross-origin\" allowfullscreen><\/iframe><\/p>\n<p><iframe title=\"150 lecie SP11- Adam Sobierajski\" width=\"640\" height=\"360\" src=\"https:\/\/www.youtube.com\/embed\/hjH8zf4IYhg?feature=oembed\" frameborder=\"0\" allow=\"accelerometer; autoplay; clipboard-write; encrypted-media; gyroscope; picture-in-picture; web-share\" referrerpolicy=\"strict-origin-when-cross-origin\" allowfullscreen><\/iframe><\/p>\n<p><strong>&nbsp;GALERIA :<\/strong><\/p>\nngg_shortcode_0_placeholder\n<p><strong><span style=\"color: #000080;\">Pisz\u0105 o nas \ud83d\ude42 :<\/span><\/strong><\/p>\n<p><a href=\"https:\/\/edukacja.gliwice.eu\/galeria-oswiatowa\/150-lecie-Szkoly-Podstawowej-nr-11-w-Gliwicach\" target=\"_blank\" rel=\"noopener\">https:\/\/edukacja.gliwice.eu\/galeria-oswiatowa\/150-lecie-Szkoly-Podstawowej-nr-11-w-Gliwicach<\/a><\/p>\n<p><a href=\"https:\/\/www.nowiny.gliwice.pl\/sp-11-skonczyla-150-lat\" target=\"_blank\" rel=\"noopener\">https:\/\/www.nowiny.gliwice.pl\/sp-11-skonczyla-150-lat<\/a><\/p>\n","protected":false},"excerpt":{"rendered":"<p>28 kwietnia 2023 r. w naszej Plac\u00f3wce odby\u0142a si\u0119 wyj\u0105tkowa uroczysto\u015b\u0107: 150 rocznica powstania Szko\u0142y. W&nbsp; pi\u0119knie udekorowanej sali gimnastycznej zasiedli liczni zaproszeni go\u015bcie: Prezydent [&hellip;]<\/p>\n","protected":false},"author":3,"featured_media":9381,"comment_status":"closed","ping_status":"closed","sticky":false,"template":"","format":"standard","meta":{"ngg_post_thumbnail":0,"footnotes":""},"categories":[4],"tags":[],"class_list":["post-9380","post","type-post","status-publish","format-standard","has-post-thumbnail","hentry","category-aktualnosci"],"_links":{"self":[{"href":"https:\/\/www.sp11.gliwice.pl\/index.php?rest_route=\/wp\/v2\/posts\/9380","targetHints":{"allow":["GET"]}}],"collection":[{"href":"https:\/\/www.sp11.gliwice.pl\/index.php?rest_route=\/wp\/v2\/posts"}],"about":[{"href":"https:\/\/www.sp11.gliwice.pl\/index.php?rest_route=\/wp\/v2\/types\/post"}],"author":[{"embeddable":true,"href":"https:\/\/www.sp11.gliwice.pl\/index.php?rest_route=\/wp\/v2\/users\/3"}],"replies":[{"embeddable":true,"href":"https:\/\/www.sp11.gliwice.pl\/index.php?rest_route=%2Fwp%2Fv2%2Fcomments&post=9380"}],"version-history":[{"count":5,"href":"https:\/\/www.sp11.gliwice.pl\/index.php?rest_route=\/wp\/v2\/posts\/9380\/revisions"}],"predecessor-version":[{"id":9386,"href":"https:\/\/www.sp11.gliwice.pl\/index.php?rest_route=\/wp\/v2\/posts\/9380\/revisions\/9386"}],"wp:featuredmedia":[{"embeddable":true,"href":"https:\/\/www.sp11.gliwice.pl\/index.php?rest_route=\/wp\/v2\/media\/9381"}],"wp:attachment":[{"href":"https:\/\/www.sp11.gliwice.pl\/index.php?rest_route=%2Fwp%2Fv2%2Fmedia&parent=9380"}],"wp:term":[{"taxonomy":"category","embeddable":true,"href":"https:\/\/www.sp11.gliwice.pl\/index.php?rest_route=%2Fwp%2Fv2%2Fcategories&post=9380"},{"taxonomy":"post_tag","embeddable":true,"href":"https:\/\/www.sp11.gliwice.pl\/index.php?rest_route=%2Fwp%2Fv2%2Ftags&post=9380"}],"curies":[{"name":"wp","href":"https:\/\/api.w.org\/{rel}","templated":true}]}}