{"id":9093,"date":"2023-05-17T23:05:26","date_gmt":"2023-05-17T21:05:26","guid":{"rendered":"https:\/\/www.sp11.gliwice.pl\/?p=9093"},"modified":"2023-05-17T23:05:26","modified_gmt":"2023-05-17T21:05:26","slug":"dzien-niezapominajki-w-przedszkolu","status":"publish","type":"post","link":"https:\/\/www.sp11.gliwice.pl\/?p=9093","title":{"rendered":"Dzie\u0144 Niezapominajki w przedszkolu"},"content":{"rendered":"<p>&nbsp;<span style=\"color: #000000;\">15 maja jest Dniem Polskiej Niezapominajki, zaproponowanym i ustanowionym przez redaktora Programu I Polskiego Radia, prowadz\u0105cym EkoRadio Andrzeja Zalewskiego. Symbolem sta\u0142a si\u0119 niezapominajka polna (Myosotis L.) dos\u0142ownie &#8222;mysie uszko&#8221;.<\/span><br \/>\n<span style=\"color: #000000;\">Pierwsze obchody \u015bwi\u0119ta odby\u0142y si\u0119 w 2002 roku i tak zakorzeni\u0142y si\u0119 w tradycj\u0119, \u017ce s\u0105 obchodzone do dzi\u015b. Celem \u015bwi\u0119ta \u2013 jak twierdzi jego autor \u2013 jest nauka wzajemnej serdeczno\u015bci.<\/span><br \/>\n<span style=\"color: #000000;\">Dzie\u0144 Polskiej Niezapominajki jest r\u00f3wnie\u017c dobrym momentem, aby przypomnie\u0107 wszystkim <\/span><span style=\"color: #000000;\">o ochronie przyrody i jej walorach.<\/span><\/p>\n<p><span style=\"color: #000000;\">&nbsp;&nbsp;&nbsp;&nbsp;&nbsp;&nbsp;&nbsp;&nbsp;&nbsp;&nbsp;&nbsp;&nbsp;&nbsp;&nbsp;&nbsp;&nbsp; Nasze przedszkolaki r\u00f3wnie\u017c uczci\u0142y ten dzie\u0144. By\u0142y pogadanki, zabawy, zagadki i ciekawe prace plastyczne. \ud83d\ude42<br \/>\n<\/span><\/p>\n<p style=\"text-align: right;\"><em>mgr Cecylia Pierzcha\u0142a<\/em><\/p>\nngg_shortcode_0_placeholder\n","protected":false},"excerpt":{"rendered":"<p>&nbsp;15 maja jest Dniem Polskiej Niezapominajki, zaproponowanym i ustanowionym przez redaktora Programu I Polskiego Radia, prowadz\u0105cym EkoRadio Andrzeja Zalewskiego. Symbolem sta\u0142a si\u0119 niezapominajka polna (Myosotis [&hellip;]<\/p>\n","protected":false},"author":3,"featured_media":9094,"comment_status":"closed","ping_status":"closed","sticky":false,"template":"","format":"standard","meta":{"ngg_post_thumbnail":0,"footnotes":""},"categories":[4],"tags":[],"class_list":["post-9093","post","type-post","status-publish","format-standard","has-post-thumbnail","hentry","category-aktualnosci"],"_links":{"self":[{"href":"https:\/\/www.sp11.gliwice.pl\/index.php?rest_route=\/wp\/v2\/posts\/9093","targetHints":{"allow":["GET"]}}],"collection":[{"href":"https:\/\/www.sp11.gliwice.pl\/index.php?rest_route=\/wp\/v2\/posts"}],"about":[{"href":"https:\/\/www.sp11.gliwice.pl\/index.php?rest_route=\/wp\/v2\/types\/post"}],"author":[{"embeddable":true,"href":"https:\/\/www.sp11.gliwice.pl\/index.php?rest_route=\/wp\/v2\/users\/3"}],"replies":[{"embeddable":true,"href":"https:\/\/www.sp11.gliwice.pl\/index.php?rest_route=%2Fwp%2Fv2%2Fcomments&post=9093"}],"version-history":[{"count":1,"href":"https:\/\/www.sp11.gliwice.pl\/index.php?rest_route=\/wp\/v2\/posts\/9093\/revisions"}],"predecessor-version":[{"id":9095,"href":"https:\/\/www.sp11.gliwice.pl\/index.php?rest_route=\/wp\/v2\/posts\/9093\/revisions\/9095"}],"wp:featuredmedia":[{"embeddable":true,"href":"https:\/\/www.sp11.gliwice.pl\/index.php?rest_route=\/wp\/v2\/media\/9094"}],"wp:attachment":[{"href":"https:\/\/www.sp11.gliwice.pl\/index.php?rest_route=%2Fwp%2Fv2%2Fmedia&parent=9093"}],"wp:term":[{"taxonomy":"category","embeddable":true,"href":"https:\/\/www.sp11.gliwice.pl\/index.php?rest_route=%2Fwp%2Fv2%2Fcategories&post=9093"},{"taxonomy":"post_tag","embeddable":true,"href":"https:\/\/www.sp11.gliwice.pl\/index.php?rest_route=%2Fwp%2Fv2%2Ftags&post=9093"}],"curies":[{"name":"wp","href":"https:\/\/api.w.org\/{rel}","templated":true}]}}