{"id":9035,"date":"2023-05-12T20:39:17","date_gmt":"2023-05-12T18:39:17","guid":{"rendered":"https:\/\/www.sp11.gliwice.pl\/?p=9035"},"modified":"2023-05-12T20:43:22","modified_gmt":"2023-05-12T18:43:22","slug":"9035","status":"publish","type":"post","link":"https:\/\/www.sp11.gliwice.pl\/?p=9035","title":{"rendered":"Trening przedszkolak\u00f3w :)"},"content":{"rendered":"<p><span style=\"color: #000000;\">Dzisiaj dwie najstarsze grupy przedszkolne wzi\u0119\u0142y udzia\u0142 w treningu pi\u0142ki no\u017cnej z trenerem Dawidem z KS So\u015bnica \u26bd. Dzieci mia\u0142y okazj\u0119 zapozna\u0107 si\u0119 z \u0107wiczeniami, kt\u00f3re doskonal\u0105 gr\u0119 w pi\u0142k\u0119 \u26bd\ud83c\udfc3, a na koniec treningu ka\u017cde dziecko strzeli\u0142o gola do bramki trenera\u2757\ud83d\ude01 Dzisiejsze spotkanie wywo\u0142a\u0142o w przedszkolakach moc pozytywnych emocji \u2757\ud83d\ude0a<\/span><\/p>\n<p style=\"text-align: right;\"><em>mgr Magdalena Ga\u0142a<\/em><\/p>\nngg_shortcode_0_placeholder\n","protected":false},"excerpt":{"rendered":"<p>Dzisiaj dwie najstarsze grupy przedszkolne wzi\u0119\u0142y udzia\u0142 w treningu pi\u0142ki no\u017cnej z trenerem Dawidem z KS So\u015bnica \u26bd. Dzieci mia\u0142y okazj\u0119 zapozna\u0107 si\u0119 z \u0107wiczeniami, [&hellip;]<\/p>\n","protected":false},"author":3,"featured_media":9036,"comment_status":"closed","ping_status":"closed","sticky":false,"template":"","format":"standard","meta":{"ngg_post_thumbnail":0,"footnotes":""},"categories":[4],"tags":[],"class_list":["post-9035","post","type-post","status-publish","format-standard","has-post-thumbnail","hentry","category-aktualnosci"],"_links":{"self":[{"href":"https:\/\/www.sp11.gliwice.pl\/index.php?rest_route=\/wp\/v2\/posts\/9035","targetHints":{"allow":["GET"]}}],"collection":[{"href":"https:\/\/www.sp11.gliwice.pl\/index.php?rest_route=\/wp\/v2\/posts"}],"about":[{"href":"https:\/\/www.sp11.gliwice.pl\/index.php?rest_route=\/wp\/v2\/types\/post"}],"author":[{"embeddable":true,"href":"https:\/\/www.sp11.gliwice.pl\/index.php?rest_route=\/wp\/v2\/users\/3"}],"replies":[{"embeddable":true,"href":"https:\/\/www.sp11.gliwice.pl\/index.php?rest_route=%2Fwp%2Fv2%2Fcomments&post=9035"}],"version-history":[{"count":2,"href":"https:\/\/www.sp11.gliwice.pl\/index.php?rest_route=\/wp\/v2\/posts\/9035\/revisions"}],"predecessor-version":[{"id":9038,"href":"https:\/\/www.sp11.gliwice.pl\/index.php?rest_route=\/wp\/v2\/posts\/9035\/revisions\/9038"}],"wp:featuredmedia":[{"embeddable":true,"href":"https:\/\/www.sp11.gliwice.pl\/index.php?rest_route=\/wp\/v2\/media\/9036"}],"wp:attachment":[{"href":"https:\/\/www.sp11.gliwice.pl\/index.php?rest_route=%2Fwp%2Fv2%2Fmedia&parent=9035"}],"wp:term":[{"taxonomy":"category","embeddable":true,"href":"https:\/\/www.sp11.gliwice.pl\/index.php?rest_route=%2Fwp%2Fv2%2Fcategories&post=9035"},{"taxonomy":"post_tag","embeddable":true,"href":"https:\/\/www.sp11.gliwice.pl\/index.php?rest_route=%2Fwp%2Fv2%2Ftags&post=9035"}],"curies":[{"name":"wp","href":"https:\/\/api.w.org\/{rel}","templated":true}]}}