{"id":9002,"date":"2023-05-09T21:04:18","date_gmt":"2023-05-09T19:04:18","guid":{"rendered":"https:\/\/www.sp11.gliwice.pl\/?p=9002"},"modified":"2023-05-09T21:04:18","modified_gmt":"2023-05-09T19:04:18","slug":"dzien-bibliotekarza-i-bibliotek","status":"publish","type":"post","link":"https:\/\/www.sp11.gliwice.pl\/?p=9002","title":{"rendered":"DZIE\u0143 BIBLIOTEKARZA I BIBLIOTEK"},"content":{"rendered":"<p><span style=\"color: #000000;\">Dzie\u0144 Bibliotekarza i Bibliotek obchodzimy 8 maja ju\u017c od 1985 roku. \u015awi\u0119to, zainicjowane przez Stowarzyszenie Bibliotekarzy Polskich, tradycyjnie rozpoczyna Tydzie\u0144 Bibliotek, w trakcie kt\u00f3rego biblioteki podejmuj\u0105 dzia\u0142ania, by dotrze\u0107 do coraz wi\u0119kszej liczby czytelnik\u00f3w i u\u017cytkownik\u00f3w.<\/span><br \/>\n<span style=\"color: #000000;\">Z tej okazji grup\u0119 \u017babek odwiedzi\u0142a Pani Gra\u017cynka, kt\u00f3ra na co dzie\u0144 pracuje w bibliotece. Pani Gra\u017cynka przeczyta\u0142a opowiadanie o misiu, opowiedzia\u0142a dzieciom o ksi\u0105\u017ckach. Na koniec dzieci wr\u0119czy\u0142y Pani Gra\u017cynce skromny upominek wraz z dyplomem. \ud83d\ude42<\/span><\/p>\n<p style=\"text-align: right;\"><em>mgr Katarzyna Szyd\u0142o<\/em><\/p>\nngg_shortcode_0_placeholder\n","protected":false},"excerpt":{"rendered":"<p>Dzie\u0144 Bibliotekarza i Bibliotek obchodzimy 8 maja ju\u017c od 1985 roku. \u015awi\u0119to, zainicjowane przez Stowarzyszenie Bibliotekarzy Polskich, tradycyjnie rozpoczyna Tydzie\u0144 Bibliotek, w trakcie kt\u00f3rego biblioteki [&hellip;]<\/p>\n","protected":false},"author":3,"featured_media":9003,"comment_status":"closed","ping_status":"closed","sticky":false,"template":"","format":"standard","meta":{"ngg_post_thumbnail":0,"footnotes":""},"categories":[4],"tags":[],"class_list":["post-9002","post","type-post","status-publish","format-standard","has-post-thumbnail","hentry","category-aktualnosci"],"_links":{"self":[{"href":"https:\/\/www.sp11.gliwice.pl\/index.php?rest_route=\/wp\/v2\/posts\/9002","targetHints":{"allow":["GET"]}}],"collection":[{"href":"https:\/\/www.sp11.gliwice.pl\/index.php?rest_route=\/wp\/v2\/posts"}],"about":[{"href":"https:\/\/www.sp11.gliwice.pl\/index.php?rest_route=\/wp\/v2\/types\/post"}],"author":[{"embeddable":true,"href":"https:\/\/www.sp11.gliwice.pl\/index.php?rest_route=\/wp\/v2\/users\/3"}],"replies":[{"embeddable":true,"href":"https:\/\/www.sp11.gliwice.pl\/index.php?rest_route=%2Fwp%2Fv2%2Fcomments&post=9002"}],"version-history":[{"count":1,"href":"https:\/\/www.sp11.gliwice.pl\/index.php?rest_route=\/wp\/v2\/posts\/9002\/revisions"}],"predecessor-version":[{"id":9004,"href":"https:\/\/www.sp11.gliwice.pl\/index.php?rest_route=\/wp\/v2\/posts\/9002\/revisions\/9004"}],"wp:featuredmedia":[{"embeddable":true,"href":"https:\/\/www.sp11.gliwice.pl\/index.php?rest_route=\/wp\/v2\/media\/9003"}],"wp:attachment":[{"href":"https:\/\/www.sp11.gliwice.pl\/index.php?rest_route=%2Fwp%2Fv2%2Fmedia&parent=9002"}],"wp:term":[{"taxonomy":"category","embeddable":true,"href":"https:\/\/www.sp11.gliwice.pl\/index.php?rest_route=%2Fwp%2Fv2%2Fcategories&post=9002"},{"taxonomy":"post_tag","embeddable":true,"href":"https:\/\/www.sp11.gliwice.pl\/index.php?rest_route=%2Fwp%2Fv2%2Ftags&post=9002"}],"curies":[{"name":"wp","href":"https:\/\/api.w.org\/{rel}","templated":true}]}}