{"id":8918,"date":"2023-05-05T13:42:25","date_gmt":"2023-05-05T11:42:25","guid":{"rendered":"https:\/\/www.sp11.gliwice.pl\/?p=8918"},"modified":"2023-05-05T13:42:51","modified_gmt":"2023-05-05T11:42:51","slug":"dzien-strazaka-w-przedszkolu","status":"publish","type":"post","link":"https:\/\/www.sp11.gliwice.pl\/?p=8918","title":{"rendered":"DZIE\u0143  STRA\u017bAKA  W PRZEDSZKOLU"},"content":{"rendered":"<p><span style=\"color: #ff0000;\"><strong>&#8222;Kiedy podrosn\u0119, b\u0119d\u0119 stra\u017cakiem.<br \/>\nMam he\u0142m, siekierk\u0119 razem z bosakiem,<br \/>\nW\u0105\u017c d\u0142ugi chwyc\u0119, aby w mig-<br \/>\nokrutny po\u017car na zawsze znik\u0142&#8221;<\/strong><\/span><\/p>\n<p><span style=\"color: #000000;\">4 maja obchodzili\u015bmy w naszym przedszkolu Dzie\u0144 Stra\u017caka. Przedszkolaki obejrza\u0142y&nbsp; prezentacj\u0119 multimedialn\u0105&nbsp; dzi\u0119ki kt\u00f3rej dowiedzia\u0142y si\u0119 jak ci\u0119\u017cka &nbsp;i odpowiedzialna jest praca ka\u017cdego stra\u017caka. Dzieci pozna\u0142y elementy ubioru i sprz\u0119t stra\u017cacki. W ka\u017cdej grupie przedszkolaki wykona\u0142y wspania\u0142e prace plastyczne.<\/span><\/p>\n<p><span style=\"color: #000000;\">&nbsp;&nbsp;&nbsp;&nbsp;&nbsp;&nbsp;&nbsp;&nbsp; Dodatkowo, w grupie Puchatk\u00f3w go\u015bcili\u015bmy p. Ma\u0142gorzat\u0119 ( Mam\u0119 Miko\u0142aja ), kt\u00f3ra z okazji dzisiejszego dnia, przeczyta\u0142a dzieciom jedn\u0105 z historii Stra\u017caka Sama i zaprezentowa\u0142a zabawkowy sprz\u0119t stra\u017cacki. Dzi\u0119kujemy!!! \ud83d\ude42<\/span><\/p>\n<p style=\"text-align: right;\"><em>mgr Cecylia Pierzcha\u0142a<\/em><\/p>\nngg_shortcode_0_placeholder\n","protected":false},"excerpt":{"rendered":"<p>&#8222;Kiedy podrosn\u0119, b\u0119d\u0119 stra\u017cakiem. Mam he\u0142m, siekierk\u0119 razem z bosakiem, W\u0105\u017c d\u0142ugi chwyc\u0119, aby w mig- okrutny po\u017car na zawsze znik\u0142&#8221; 4 maja obchodzili\u015bmy w [&hellip;]<\/p>\n","protected":false},"author":3,"featured_media":8919,"comment_status":"closed","ping_status":"closed","sticky":false,"template":"","format":"standard","meta":{"ngg_post_thumbnail":0,"footnotes":""},"categories":[4],"tags":[],"class_list":["post-8918","post","type-post","status-publish","format-standard","has-post-thumbnail","hentry","category-aktualnosci"],"_links":{"self":[{"href":"https:\/\/www.sp11.gliwice.pl\/index.php?rest_route=\/wp\/v2\/posts\/8918","targetHints":{"allow":["GET"]}}],"collection":[{"href":"https:\/\/www.sp11.gliwice.pl\/index.php?rest_route=\/wp\/v2\/posts"}],"about":[{"href":"https:\/\/www.sp11.gliwice.pl\/index.php?rest_route=\/wp\/v2\/types\/post"}],"author":[{"embeddable":true,"href":"https:\/\/www.sp11.gliwice.pl\/index.php?rest_route=\/wp\/v2\/users\/3"}],"replies":[{"embeddable":true,"href":"https:\/\/www.sp11.gliwice.pl\/index.php?rest_route=%2Fwp%2Fv2%2Fcomments&post=8918"}],"version-history":[{"count":2,"href":"https:\/\/www.sp11.gliwice.pl\/index.php?rest_route=\/wp\/v2\/posts\/8918\/revisions"}],"predecessor-version":[{"id":8921,"href":"https:\/\/www.sp11.gliwice.pl\/index.php?rest_route=\/wp\/v2\/posts\/8918\/revisions\/8921"}],"wp:featuredmedia":[{"embeddable":true,"href":"https:\/\/www.sp11.gliwice.pl\/index.php?rest_route=\/wp\/v2\/media\/8919"}],"wp:attachment":[{"href":"https:\/\/www.sp11.gliwice.pl\/index.php?rest_route=%2Fwp%2Fv2%2Fmedia&parent=8918"}],"wp:term":[{"taxonomy":"category","embeddable":true,"href":"https:\/\/www.sp11.gliwice.pl\/index.php?rest_route=%2Fwp%2Fv2%2Fcategories&post=8918"},{"taxonomy":"post_tag","embeddable":true,"href":"https:\/\/www.sp11.gliwice.pl\/index.php?rest_route=%2Fwp%2Fv2%2Ftags&post=8918"}],"curies":[{"name":"wp","href":"https:\/\/api.w.org\/{rel}","templated":true}]}}