{"id":8897,"date":"2023-05-02T18:08:06","date_gmt":"2023-05-02T16:08:06","guid":{"rendered":"https:\/\/www.sp11.gliwice.pl\/?p=8897"},"modified":"2023-05-02T18:26:32","modified_gmt":"2023-05-02T16:26:32","slug":"2-maja-2023","status":"publish","type":"post","link":"https:\/\/www.sp11.gliwice.pl\/?p=8897","title":{"rendered":"2 maja 2023"},"content":{"rendered":"<div dir=\"auto\"><span style=\"color: #000000;\">Dzie\u0144 Flagi Rzeczypospolitej Polskiej jako \u015bwi\u0119to obchodzony jest 2 maja. Co roku tego dnia Polacy&nbsp; eksponuj\u0105 flagi na zewn\u0105trz poprzez jej wywieszenie np. w oknie lub na balkonie swojego mieszkania czy przed domem&#8230; <\/span><\/div>\n<div dir=\"auto\"><span style=\"color: #000000;\">Ka\u017cdy z nas mo\u017ce uczci\u0107 Bia\u0142o-Czerwon\u0105. <\/span><\/div>\n<div dir=\"auto\"><span style=\"color: #000000;\">SP11 wraz z <span class=\"xt0psk2\">Rada Rodzic\u00f3w SP 11 im. Hugona Ko\u0142\u0142\u0105taja w Gliwicach<\/span>,a tak\u017ce <span class=\"xt0psk2\">Rada Dzielnicy Ligota Zabrska<\/span> zorganizowali w tym dniu &#8222;<strong><span style=\"color: #ff0000;\">BIEG Z FLAG\u0104<\/span><\/strong>&#8222;<span class=\"x3nfvp2 x1j61x8r x1fcty0u xdj266r xhhsvwb xat24cr xgzva0m xxymvpz xlup9mm x1kky2od\"><img decoding=\"async\" src=\"https:\/\/static.xx.fbcdn.net\/images\/emoji.php\/v9\/t94\/1.5\/16\/1f3c3.png\" alt=\"\ud83c\udfc3\" width=\"16\" height=\"16\"><\/span><span class=\"x3nfvp2 x1j61x8r x1fcty0u xdj266r xhhsvwb xat24cr xgzva0m xxymvpz xlup9mm x1kky2od\"><img decoding=\"async\" src=\"https:\/\/static.xx.fbcdn.net\/images\/emoji.php\/v9\/t79\/1.5\/16\/1f1f5_1f1f1.png\" alt=\"\ud83c\uddf5\ud83c\uddf1\" width=\"16\" height=\"16\"><\/span><span class=\"x3nfvp2 x1j61x8r x1fcty0u xdj266r xhhsvwb xat24cr xgzva0m xxymvpz xlup9mm x1kky2od\"><img decoding=\"async\" src=\"https:\/\/static.xx.fbcdn.net\/images\/emoji.php\/v9\/t79\/1.5\/16\/1f1f5_1f1f1.png\" alt=\"\ud83c\uddf5\ud83c\uddf1\" width=\"16\" height=\"16\"><\/span><span class=\"x3nfvp2 x1j61x8r x1fcty0u xdj266r xhhsvwb xat24cr xgzva0m xxymvpz xlup9mm x1kky2od\"><img decoding=\"async\" src=\"https:\/\/static.xx.fbcdn.net\/images\/emoji.php\/v9\/t79\/1.5\/16\/1f1f5_1f1f1.png\" alt=\"\ud83c\uddf5\ud83c\uddf1\" width=\"16\" height=\"16\"><\/span><\/span><\/div>\n<div dir=\"auto\"><span style=\"color: #000000;\">Trasa przebiega\u0142a po terenie&nbsp; boisk szkolnych. Udzia\u0142 wzi\u0119li : <\/span><\/div>\n<div dir=\"auto\"><span style=\"color: #000000;\">Rodzice, Uczniowie oraz mieszka\u0144cy Ligoty Zabrskiej<span class=\"x3nfvp2 x1j61x8r x1fcty0u xdj266r xhhsvwb xat24cr xgzva0m xxymvpz xlup9mm x1kky2od\"><img decoding=\"async\" src=\"https:\/\/static.xx.fbcdn.net\/images\/emoji.php\/v9\/t27\/1.5\/16\/1f600.png\" alt=\"\ud83d\ude00\" width=\"16\" height=\"16\"><\/span>(chocia\u017c nie tylko)<\/span><\/div>\n<div dir=\"auto\"><span style=\"color: #000000;\">Swoj\u0105 obecno\u015bci\u0105 wspar\u0142a inicjatyw\u0119 Pani Agnieszka Filipkowska &#8211; Radna Rady Miasta Gliwice, kt\u00f3ra podarowa\u0142a szkole bia\u0142o &#8211; czerwone wiatraczki. Dzi\u0119kujemy \ud83d\ude42 <\/span><\/div>\n<div dir=\"auto\"><span style=\"color: #000000;\">Warto by\u0142o biec z NAMI<span class=\"x3nfvp2 x1j61x8r x1fcty0u xdj266r xhhsvwb xat24cr xgzva0m xxymvpz xlup9mm x1kky2od\"><img decoding=\"async\" src=\"https:\/\/static.xx.fbcdn.net\/images\/emoji.php\/v9\/t79\/1.5\/16\/1f1f5_1f1f1.png\" alt=\"\ud83c\uddf5\ud83c\uddf1\" width=\"16\" height=\"16\"><\/span><\/span><\/div>\n<div dir=\"auto\"><span style=\"color: #000000;\">Zapraszamy ju\u017c 2 maja 2024 na kolejny&nbsp; ,,<span style=\"color: #ff0000;\">Bieg z flag\u0105<\/span>&#8221; <span class=\"x3nfvp2 x1j61x8r x1fcty0u xdj266r xhhsvwb xat24cr xgzva0m xxymvpz xlup9mm x1kky2od\"><img decoding=\"async\" src=\"https:\/\/static.xx.fbcdn.net\/images\/emoji.php\/v9\/t94\/1.5\/16\/1f3c3.png\" alt=\"\ud83c\udfc3\" width=\"16\" height=\"16\"><\/span><span class=\"x3nfvp2 x1j61x8r x1fcty0u xdj266r xhhsvwb xat24cr xgzva0m xxymvpz xlup9mm x1kky2od\"><img decoding=\"async\" src=\"https:\/\/static.xx.fbcdn.net\/images\/emoji.php\/v9\/t79\/1.5\/16\/1f1f5_1f1f1.png\" alt=\"\ud83c\uddf5\ud83c\uddf1\" width=\"16\" height=\"16\"><\/span><span class=\"x3nfvp2 x1j61x8r x1fcty0u xdj266r xhhsvwb xat24cr xgzva0m xxymvpz xlup9mm x1kky2od\"><img decoding=\"async\" src=\"https:\/\/static.xx.fbcdn.net\/images\/emoji.php\/v9\/t79\/1.5\/16\/1f1f5_1f1f1.png\" alt=\"\ud83c\uddf5\ud83c\uddf1\" width=\"16\" height=\"16\"><\/span><span class=\"x3nfvp2 x1j61x8r x1fcty0u xdj266r xhhsvwb xat24cr xgzva0m xxymvpz xlup9mm x1kky2od\"><img decoding=\"async\" src=\"https:\/\/static.xx.fbcdn.net\/images\/emoji.php\/v9\/t79\/1.5\/16\/1f1f5_1f1f1.png\" alt=\"\ud83c\uddf5\ud83c\uddf1\" width=\"16\" height=\"16\"><\/span><\/span><\/div>\n<div dir=\"auto\">&nbsp;<\/div>\n<div dir=\"auto\"><a href=\"https:\/\/youtu.be\/RqF7OoQLPu4\" target=\"_blank\" rel=\"noopener\">link do filmu \ud83d\ude42<\/a><\/div>\n<div dir=\"auto\">ngg_shortcode_0_placeholder<\/div>\n<div dir=\"auto\">&nbsp;<\/div>\n","protected":false},"excerpt":{"rendered":"<p>Dzie\u0144 Flagi Rzeczypospolitej Polskiej jako \u015bwi\u0119to obchodzony jest 2 maja. Co roku tego dnia Polacy&nbsp; eksponuj\u0105 flagi na zewn\u0105trz poprzez jej wywieszenie np. w oknie [&hellip;]<\/p>\n","protected":false},"author":3,"featured_media":8898,"comment_status":"closed","ping_status":"closed","sticky":false,"template":"","format":"standard","meta":{"ngg_post_thumbnail":0,"footnotes":""},"categories":[4],"tags":[],"class_list":["post-8897","post","type-post","status-publish","format-standard","has-post-thumbnail","hentry","category-aktualnosci"],"_links":{"self":[{"href":"https:\/\/www.sp11.gliwice.pl\/index.php?rest_route=\/wp\/v2\/posts\/8897","targetHints":{"allow":["GET"]}}],"collection":[{"href":"https:\/\/www.sp11.gliwice.pl\/index.php?rest_route=\/wp\/v2\/posts"}],"about":[{"href":"https:\/\/www.sp11.gliwice.pl\/index.php?rest_route=\/wp\/v2\/types\/post"}],"author":[{"embeddable":true,"href":"https:\/\/www.sp11.gliwice.pl\/index.php?rest_route=\/wp\/v2\/users\/3"}],"replies":[{"embeddable":true,"href":"https:\/\/www.sp11.gliwice.pl\/index.php?rest_route=%2Fwp%2Fv2%2Fcomments&post=8897"}],"version-history":[{"count":5,"href":"https:\/\/www.sp11.gliwice.pl\/index.php?rest_route=\/wp\/v2\/posts\/8897\/revisions"}],"predecessor-version":[{"id":8903,"href":"https:\/\/www.sp11.gliwice.pl\/index.php?rest_route=\/wp\/v2\/posts\/8897\/revisions\/8903"}],"wp:featuredmedia":[{"embeddable":true,"href":"https:\/\/www.sp11.gliwice.pl\/index.php?rest_route=\/wp\/v2\/media\/8898"}],"wp:attachment":[{"href":"https:\/\/www.sp11.gliwice.pl\/index.php?rest_route=%2Fwp%2Fv2%2Fmedia&parent=8897"}],"wp:term":[{"taxonomy":"category","embeddable":true,"href":"https:\/\/www.sp11.gliwice.pl\/index.php?rest_route=%2Fwp%2Fv2%2Fcategories&post=8897"},{"taxonomy":"post_tag","embeddable":true,"href":"https:\/\/www.sp11.gliwice.pl\/index.php?rest_route=%2Fwp%2Fv2%2Ftags&post=8897"}],"curies":[{"name":"wp","href":"https:\/\/api.w.org\/{rel}","templated":true}]}}