{"id":8880,"date":"2023-04-30T18:37:35","date_gmt":"2023-04-30T16:37:35","guid":{"rendered":"https:\/\/www.sp11.gliwice.pl\/?p=8880"},"modified":"2023-04-30T18:46:29","modified_gmt":"2023-04-30T16:46:29","slug":"wyniki-miejskiego-konkursu-plastyczno-literackiego-pod-patronatem-prezydenta-miasta-gliwice-adama-neumanna-z-okazji-229-rocznicy-urodzin-aleksandra-fredry-jak-ty-komu-tak-on-tobie","status":"publish","type":"post","link":"https:\/\/www.sp11.gliwice.pl\/?p=8880","title":{"rendered":"WYNIKI MIEJSKIEGO KONKURSU PLASTYCZNO \u2013 LITERACKIEGO pod patronatem Prezydenta Miasta Gliwice  Adama Neumanna z okazji 229 rocznicy urodzin Aleksandra Fredry -&#8222;Jak ty komu, tak on tobie&#8221;\u2026"},"content":{"rendered":"<p><span style=\"color: #000000;\">Wyniki MIEJSKIEGO KONKURSU PLASTYCZNO-LITERACKIEGO pod patronatem Prezydenta Miasta Gliwice Adama Neumanna z okazji 229 rocznicy urodzin Aleksandra Fredry ,,Jak ty komu, tak on tobie\u201d<\/span><\/p>\n<p><span style=\"color: #000080;\"><strong>W kategorii klas IV-VI:<\/strong><\/span><\/p>\n<p><strong><span style=\"color: #000000;\"><u>Miejsce<\/u><\/span><\/strong><\/p>\n<p><span style=\"color: #000000;\"><strong><span style=\"color: #ff0000;\">I<\/span><\/strong>&nbsp; &#8211; <span style=\"color: #ff0000;\">Dawid Lukoszek<\/span> \u2013 Szko\u0142a Podstawowa z Oddzia\u0142ami Dwuj\u0119zycznymi nr 6 w Gliwicach<\/span><\/p>\n<p><span style=\"color: #000000;\"><span style=\"color: #ff0000;\"><strong>II<\/strong>&nbsp; &#8211; Zofia Sas-Roskowicz<\/span> \u2013 Szko\u0142a Podstawowa z Oddzia\u0142ami Dwuj\u0119zycznymi nr 6 w Gliwicach<\/span><\/p>\n<p><span style=\"color: #000000;\"><span style=\"color: #ff0000;\"><strong>III<\/strong>&nbsp; &#8211; Zuzanna Kukuczka<\/span> \u2013 ZSP nr 3 w Gliwicach<\/span><\/p>\n<p><strong><span style=\"color: #000000;\"><u>Wyr\u00f3\u017cnienia:<\/u><\/span><\/strong><\/p>\n<p><span style=\"color: #000000;\"><span style=\"color: #ff0000;\">Julia Prze\u0142o\u017cny<\/span> \u2013 ZSP nr 3 w Gliwicach<\/span><br \/>\n<span style=\"color: #000000;\"><span style=\"color: #ff0000;\">Maksymilian Ch\u0142ond<\/span> \u2013 Szko\u0142a Podstawowa z Oddzia\u0142ami Dwuj\u0119zycznymi nr 6 w Gliwicach<\/span><\/p>\n<p>&nbsp;<\/p>\n<p><span style=\"color: #000080;\"><strong>W kategorii klas VII-VIII:<\/strong><\/span><\/p>\n<p><strong><span style=\"color: #000000;\"><u>Miejsce:<\/u><\/span><\/strong><\/p>\n<p><span style=\"color: #000000;\"><span style=\"color: #ff0000;\"><strong>I<\/strong>&nbsp;&nbsp; &#8211; Hanna Witkowska<\/span> \u2013 SP nr 28 w Gliwicach<\/span><\/p>\n<p><span style=\"color: #000000;\"><span style=\"color: #ff0000;\"><strong>II<\/strong>&nbsp;&nbsp; &#8211; Maja Caban<\/span> \u2013 SP nr 39 w Gliwicach<\/span><\/p>\n<p><span style=\"color: #000000;\"><span style=\"color: #ff0000;\"><strong>III<\/strong>&nbsp; &#8211; Maja Szweda<\/span> \u2013 SP nr 28 w Gliwicach<\/span><\/p>\n<p><strong><span style=\"color: #000000;\"><u>Wyr\u00f3\u017cnienia:<\/u><\/span><\/strong><\/p>\n<p><span style=\"color: #000000;\"><span style=\"color: #ff0000;\">Anna Felikszowska<\/span> \u2013 ZSP nr 1 w Gliwicach<\/span><br \/>\n<span style=\"color: #000000;\"><span style=\"color: #ff0000;\">\u0141ucja Pia\u015bci\u0144ska<\/span> \u2013 SP nr 11 w Gliwicach<\/span><\/p>\n<p>O terminie wr\u0119czenia nagr\u00f3d poinformujemy szko\u0142y wkr\u00f3tce ! Gratulujemy zwyci\u0119zcom, ale r\u00f3wnie\u017c wszystkim bior\u0105cym udzia\u0142 \ud83d\ude42<br \/>\nprace by\u0142y naprawd\u0119 na wysokim poziomie ! \ud83d\ude42<\/p>\n","protected":false},"excerpt":{"rendered":"<p>Wyniki MIEJSKIEGO KONKURSU PLASTYCZNO-LITERACKIEGO pod patronatem Prezydenta Miasta Gliwice Adama Neumanna z okazji 229 rocznicy urodzin Aleksandra Fredry ,,Jak ty komu, tak on tobie\u201d W [&hellip;]<\/p>\n","protected":false},"author":3,"featured_media":6142,"comment_status":"closed","ping_status":"closed","sticky":false,"template":"","format":"standard","meta":{"ngg_post_thumbnail":0,"footnotes":""},"categories":[4],"tags":[],"class_list":["post-8880","post","type-post","status-publish","format-standard","has-post-thumbnail","hentry","category-aktualnosci"],"_links":{"self":[{"href":"https:\/\/www.sp11.gliwice.pl\/index.php?rest_route=\/wp\/v2\/posts\/8880","targetHints":{"allow":["GET"]}}],"collection":[{"href":"https:\/\/www.sp11.gliwice.pl\/index.php?rest_route=\/wp\/v2\/posts"}],"about":[{"href":"https:\/\/www.sp11.gliwice.pl\/index.php?rest_route=\/wp\/v2\/types\/post"}],"author":[{"embeddable":true,"href":"https:\/\/www.sp11.gliwice.pl\/index.php?rest_route=\/wp\/v2\/users\/3"}],"replies":[{"embeddable":true,"href":"https:\/\/www.sp11.gliwice.pl\/index.php?rest_route=%2Fwp%2Fv2%2Fcomments&post=8880"}],"version-history":[{"count":4,"href":"https:\/\/www.sp11.gliwice.pl\/index.php?rest_route=\/wp\/v2\/posts\/8880\/revisions"}],"predecessor-version":[{"id":8884,"href":"https:\/\/www.sp11.gliwice.pl\/index.php?rest_route=\/wp\/v2\/posts\/8880\/revisions\/8884"}],"wp:featuredmedia":[{"embeddable":true,"href":"https:\/\/www.sp11.gliwice.pl\/index.php?rest_route=\/wp\/v2\/media\/6142"}],"wp:attachment":[{"href":"https:\/\/www.sp11.gliwice.pl\/index.php?rest_route=%2Fwp%2Fv2%2Fmedia&parent=8880"}],"wp:term":[{"taxonomy":"category","embeddable":true,"href":"https:\/\/www.sp11.gliwice.pl\/index.php?rest_route=%2Fwp%2Fv2%2Fcategories&post=8880"},{"taxonomy":"post_tag","embeddable":true,"href":"https:\/\/www.sp11.gliwice.pl\/index.php?rest_route=%2Fwp%2Fv2%2Ftags&post=8880"}],"curies":[{"name":"wp","href":"https:\/\/api.w.org\/{rel}","templated":true}]}}