{"id":8823,"date":"2023-04-26T20:50:55","date_gmt":"2023-04-26T18:50:55","guid":{"rendered":"https:\/\/www.sp11.gliwice.pl\/?p=8823"},"modified":"2023-04-26T21:00:30","modified_gmt":"2023-04-26T19:00:30","slug":"final-i-edycji-konkursu-the-voice-of-ligota","status":"publish","type":"post","link":"https:\/\/www.sp11.gliwice.pl\/?p=8823","title":{"rendered":"FINA\u0141 I edycji Konkursu The Voice of Ligota :)"},"content":{"rendered":"<p><span style=\"color: #000000;\">26 kwietnia w naszej szkole odby\u0142 si\u0119 Fina\u0142 I edycji Konkursu The Voice of Ligota \ud83d\ude42<br \/>\n<\/span><\/p>\n<p><span style=\"color: #000000;\">Sala gimnastyczna wype\u0142ni\u0142a si\u0119 kibicami, s\u0142uchaczami i&nbsp; fanami \ud83d\ude42 kt\u00f3rzy \u015bwietnie dopingowali swoich faworyt\u00f3w.<br \/>\n<\/span><\/p>\n<p><span style=\"color: #000000;\">W finale wyst\u0105pi\u0142o 10 uczestnik\u00f3w. Najm\u0142odszy to przedszkolak Ada\u015b, kt\u00f3ry podbi\u0142 serca zar\u00f3wno jury jak i publiczno\u015bci. W nagrod\u0119 wyst\u0105pi podczas Jubileuszu 150 lecia naszej szko\u0142y.<\/span><\/p>\n<p><span style=\"color: #000000;\">Tytu\u0142 <strong>G\u0142osu Ligoty<\/strong> wy\u015bpiewa\u0142a Hania Szewczyk z klasy 6 \ud83d\ude42<br \/>\n<\/span><\/p>\n<p><span style=\"color: #000000;\">Serdecznie gratulujemy Hani jak i wszystkim wyst\u0119puj\u0105cym ! \ud83d\ude42<\/span><\/p>\n<p><span style=\"color: #000000;\">To by\u0142o wydarzenie naprawd\u0119 na wysokim poziomie!<\/span><\/p>\n<p><span style=\"color: #000000;\">Rewelacyjne sprawdzi\u0142o si\u0119 nasze JURY &#8211; trenerzy (<strong>Cleo<\/strong> &#8211; Pani Aneta Rybowicz, <strong>Thomson i Baron<\/strong> &#8211; Pani Anna Mach i <strong>Dawid Kwiatkowski<\/strong> &#8211; Pani Anna Urba\u0144czyk) Byli\u015bcie rewelacyjni !!! \ud83d\ude42<\/span><\/p>\n<p><span style=\"color: #000000;\">Nagrody, dyplomy i statuetk\u0119 wr\u0119czyli: <\/span><br \/>\n<span style=\"color: #000000;\">Pani Joanna Wojdyna z <span class=\"xv78j7m\" spellcheck=\"false\">Rady Rodzic\u00f3w SP 11 im. Hugona Ko\u0142\u0142\u0105taja w Gliwicach<\/span>, Pan Marcin Grabiec z <span class=\"xv78j7m\" spellcheck=\"false\">Rady Dzielnicy Ligota Zabrska<\/span> i Pan Radny Gabriel Bodzioch. <\/span><br \/>\n<span style=\"color: #000000;\">Serdecznie dzi\u0119kujemy wsp\u00f3\u0142organizatorom i wszystkim obecnym \ud83d\ude42<\/span><\/p>\n<p><span style=\"color: #000000;\">Ju\u017c zaczynamy odliczanie do II edycji Konkursu The Voice of Ligota \ud83d\ude42&nbsp; Do zobaczenia \ud83d\ude42<br \/>\n<\/span><\/p>\nngg_shortcode_0_placeholder\n","protected":false},"excerpt":{"rendered":"<p>26 kwietnia w naszej szkole odby\u0142 si\u0119 Fina\u0142 I edycji Konkursu The Voice of Ligota \ud83d\ude42 Sala gimnastyczna wype\u0142ni\u0142a si\u0119 kibicami, s\u0142uchaczami i&nbsp; fanami \ud83d\ude42 [&hellip;]<\/p>\n","protected":false},"author":3,"featured_media":8824,"comment_status":"closed","ping_status":"closed","sticky":false,"template":"","format":"standard","meta":{"ngg_post_thumbnail":0,"footnotes":""},"categories":[4],"tags":[],"class_list":["post-8823","post","type-post","status-publish","format-standard","has-post-thumbnail","hentry","category-aktualnosci"],"_links":{"self":[{"href":"https:\/\/www.sp11.gliwice.pl\/index.php?rest_route=\/wp\/v2\/posts\/8823","targetHints":{"allow":["GET"]}}],"collection":[{"href":"https:\/\/www.sp11.gliwice.pl\/index.php?rest_route=\/wp\/v2\/posts"}],"about":[{"href":"https:\/\/www.sp11.gliwice.pl\/index.php?rest_route=\/wp\/v2\/types\/post"}],"author":[{"embeddable":true,"href":"https:\/\/www.sp11.gliwice.pl\/index.php?rest_route=\/wp\/v2\/users\/3"}],"replies":[{"embeddable":true,"href":"https:\/\/www.sp11.gliwice.pl\/index.php?rest_route=%2Fwp%2Fv2%2Fcomments&post=8823"}],"version-history":[{"count":2,"href":"https:\/\/www.sp11.gliwice.pl\/index.php?rest_route=\/wp\/v2\/posts\/8823\/revisions"}],"predecessor-version":[{"id":8826,"href":"https:\/\/www.sp11.gliwice.pl\/index.php?rest_route=\/wp\/v2\/posts\/8823\/revisions\/8826"}],"wp:featuredmedia":[{"embeddable":true,"href":"https:\/\/www.sp11.gliwice.pl\/index.php?rest_route=\/wp\/v2\/media\/8824"}],"wp:attachment":[{"href":"https:\/\/www.sp11.gliwice.pl\/index.php?rest_route=%2Fwp%2Fv2%2Fmedia&parent=8823"}],"wp:term":[{"taxonomy":"category","embeddable":true,"href":"https:\/\/www.sp11.gliwice.pl\/index.php?rest_route=%2Fwp%2Fv2%2Fcategories&post=8823"},{"taxonomy":"post_tag","embeddable":true,"href":"https:\/\/www.sp11.gliwice.pl\/index.php?rest_route=%2Fwp%2Fv2%2Ftags&post=8823"}],"curies":[{"name":"wp","href":"https:\/\/api.w.org\/{rel}","templated":true}]}}