{"id":8746,"date":"2023-04-25T21:21:22","date_gmt":"2023-04-25T19:21:22","guid":{"rendered":"https:\/\/www.sp11.gliwice.pl\/?p=8746"},"modified":"2023-04-25T21:21:22","modified_gmt":"2023-04-25T19:21:22","slug":"miedzyszkolna-sesja-przyrodniczo-artystyczna-na-lesnych-sciezkach","status":"publish","type":"post","link":"https:\/\/www.sp11.gliwice.pl\/?p=8746","title":{"rendered":"Mi\u0119dzyszkolna Sesja Przyrodniczo &#8211; Artystyczna &#8222;Na le\u015bnych \u015bcie\u017ckach&#8221;"},"content":{"rendered":"<p><span style=\"color: #000000;\">&nbsp;Uczennice klasy 8 uczestniczy\u0142y w Mi\u0119dzyszkolnej Sesji Przyrodniczo-Artystycznej, zorganizowanej przez ZSO nr 4 w Gliwicach.<\/span><\/p>\n<p><span style=\"color: #000000;\">Konkurs odby\u0142 si\u0119 25 kwietnia w Starej Ku\u017ani, w Nadle\u015bnictwie K\u0119dzierzyn. Rozgrywany by\u0142 w dw\u00f3ch kategoriach: praca artystyczna wykonana w plenerze oraz konkurs wiedzy przyrodniczej. Mimo, \u017ce naszym dziewczynom nie uda\u0142o si\u0119 zdoby\u0107 miejsca na podium ,jednak sam udzia\u0142 pozwoli\u0142 na poszerzenie wiedzy przyrodniczej. Wszystko dzi\u0119ki ciekawej prelekcji przeprowadzonej przez pracownika Nadle\u015bnictwa i spacerowi po \u015bcie\u017cce edukacyjnej .<\/span><\/p>\n<p style=\"text-align: right;\"><em>mgr Katarzyna Ogaza<\/em><\/p>\nngg_shortcode_0_placeholder\n","protected":false},"excerpt":{"rendered":"<p>&nbsp;Uczennice klasy 8 uczestniczy\u0142y w Mi\u0119dzyszkolnej Sesji Przyrodniczo-Artystycznej, zorganizowanej przez ZSO nr 4 w Gliwicach. Konkurs odby\u0142 si\u0119 25 kwietnia w Starej Ku\u017ani, w Nadle\u015bnictwie [&hellip;]<\/p>\n","protected":false},"author":3,"featured_media":8747,"comment_status":"closed","ping_status":"closed","sticky":false,"template":"","format":"standard","meta":{"ngg_post_thumbnail":0,"footnotes":""},"categories":[4],"tags":[],"class_list":["post-8746","post","type-post","status-publish","format-standard","has-post-thumbnail","hentry","category-aktualnosci"],"_links":{"self":[{"href":"https:\/\/www.sp11.gliwice.pl\/index.php?rest_route=\/wp\/v2\/posts\/8746","targetHints":{"allow":["GET"]}}],"collection":[{"href":"https:\/\/www.sp11.gliwice.pl\/index.php?rest_route=\/wp\/v2\/posts"}],"about":[{"href":"https:\/\/www.sp11.gliwice.pl\/index.php?rest_route=\/wp\/v2\/types\/post"}],"author":[{"embeddable":true,"href":"https:\/\/www.sp11.gliwice.pl\/index.php?rest_route=\/wp\/v2\/users\/3"}],"replies":[{"embeddable":true,"href":"https:\/\/www.sp11.gliwice.pl\/index.php?rest_route=%2Fwp%2Fv2%2Fcomments&post=8746"}],"version-history":[{"count":1,"href":"https:\/\/www.sp11.gliwice.pl\/index.php?rest_route=\/wp\/v2\/posts\/8746\/revisions"}],"predecessor-version":[{"id":8748,"href":"https:\/\/www.sp11.gliwice.pl\/index.php?rest_route=\/wp\/v2\/posts\/8746\/revisions\/8748"}],"wp:featuredmedia":[{"embeddable":true,"href":"https:\/\/www.sp11.gliwice.pl\/index.php?rest_route=\/wp\/v2\/media\/8747"}],"wp:attachment":[{"href":"https:\/\/www.sp11.gliwice.pl\/index.php?rest_route=%2Fwp%2Fv2%2Fmedia&parent=8746"}],"wp:term":[{"taxonomy":"category","embeddable":true,"href":"https:\/\/www.sp11.gliwice.pl\/index.php?rest_route=%2Fwp%2Fv2%2Fcategories&post=8746"},{"taxonomy":"post_tag","embeddable":true,"href":"https:\/\/www.sp11.gliwice.pl\/index.php?rest_route=%2Fwp%2Fv2%2Ftags&post=8746"}],"curies":[{"name":"wp","href":"https:\/\/api.w.org\/{rel}","templated":true}]}}