{"id":8695,"date":"2023-04-20T21:31:18","date_gmt":"2023-04-20T19:31:18","guid":{"rendered":"https:\/\/www.sp11.gliwice.pl\/?p=8695"},"modified":"2023-04-20T21:31:18","modified_gmt":"2023-04-20T19:31:18","slug":"konkurs-recytatorski-klas-4-8","status":"publish","type":"post","link":"https:\/\/www.sp11.gliwice.pl\/?p=8695","title":{"rendered":"KONKURS RECYTATORSKI KLAS 4-8"},"content":{"rendered":"<p><span style=\"color: #000000;\">20 kwietnia 2023 r. w naszej Szkole odby\u0142 si\u0119 Szkolny Konkurs Recytatorski zatytu\u0142owany:&nbsp; \u201eWiersze, kt\u00f3re lubimy\u201d.&nbsp;<\/span><\/p>\n<p><span style=\"color: #000000;\">Wzi\u0119\u0142o w nim udzia\u0142 14 uczennic, kt\u00f3re zaprezentowa\u0142y utwory poetyckie znanych tw\u00f3rc\u00f3w &#8211; Danuty Wawi\u0142ow, Jana Brzechwy, Cypriana Kamila Norwida, Marii Pawlikowskiej \u2013 Jasnorzewskiej, Wis\u0142awy Szymborskiej, Boles\u0142awa Le\u015bmiana. Nie zabrak\u0142o r\u00f3wnie\u017c tw\u00f3rczo\u015bci w\u0142asnej recytatorek.<\/span><\/p>\n<p><span style=\"color: #000000;\">Jury konkursu ocenia\u0142o opanowanie pami\u0119ciowe prezentowanego tekstu, interpretacj\u0119 wiersza, walory g\u0142osowe recytuj\u0105cego (dykcj\u0119, intonacj\u0119, artykulacj\u0119) oraz og\u00f3lny&nbsp; wyraz artystyczny.<\/span><\/p>\n<p><span style=\"color: #000000;\"><u>Jury w sk\u0142adzie: <\/u><\/span><\/p>\n<p><span style=\"color: #000000;\">pani wicedyrektor Beata Bodnar,<\/span><\/p>\n<p><span style=\"color: #000000;\">pan Rafa\u0142 Dul\u0119ba,<\/span><\/p>\n<p><span style=\"color: #000000;\">pani Marta Waliczek, wy\u0142oni\u0142o zwyci\u0119zc\u00f3w:<\/span><\/p>\n<p>&nbsp;<\/p>\n<p><span style=\"color: #ff0000;\"><strong>I miejsce \u2013 \u0141ucja Pia\u015bci\u0144ska,&nbsp; kl. 8 <\/strong><\/span><\/p>\n<p><span style=\"color: #ff0000;\"><strong>II miejsce \u2013 Magdalena Mach, kl. 8; Hanna Szewczyk, kl. 6 <\/strong><\/span><\/p>\n<p><span style=\"color: #ff0000;\"><strong>III miejsce \u2013 Amelia Gr\u0105dkowska, kl. 8; Julia Miarecka, kl. 7&nbsp; <\/strong><\/span><\/p>\n<p><span style=\"color: #000000;\"><strong><span style=\"color: #ff0000;\">Wyr\u00f3\u017cnienia: Klaudia Antczak, kl. 6; Julia Straszak, kl.5<\/span> <\/strong><\/span><\/p>\n<p><span style=\"color: #000000;\"><strong>Gratulacje dla zwyci\u0119zc\u00f3w i nagrodzonych!<\/strong> Wszystkim uczestnikom dzi\u0119kujemy za wysi\u0142ek w\u0142o\u017cony w przygotowanie w\u0142asnych interpretacji wierszy i za udzia\u0142 w konkursie!<\/span><\/p>\n<p style=\"text-align: right;\"><em>mgr Izabella Jureczko <\/em><br \/>\n<em>mgr Gra\u017cyna Szel\u0105g<\/em><\/p>\nngg_shortcode_0_placeholder\n","protected":false},"excerpt":{"rendered":"<p>20 kwietnia 2023 r. w naszej Szkole odby\u0142 si\u0119 Szkolny Konkurs Recytatorski zatytu\u0142owany:&nbsp; \u201eWiersze, kt\u00f3re lubimy\u201d.&nbsp; Wzi\u0119\u0142o w nim udzia\u0142 14 uczennic, kt\u00f3re zaprezentowa\u0142y utwory [&hellip;]<\/p>\n","protected":false},"author":3,"featured_media":8696,"comment_status":"closed","ping_status":"closed","sticky":false,"template":"","format":"standard","meta":{"ngg_post_thumbnail":0,"footnotes":""},"categories":[4],"tags":[],"class_list":["post-8695","post","type-post","status-publish","format-standard","has-post-thumbnail","hentry","category-aktualnosci"],"_links":{"self":[{"href":"https:\/\/www.sp11.gliwice.pl\/index.php?rest_route=\/wp\/v2\/posts\/8695","targetHints":{"allow":["GET"]}}],"collection":[{"href":"https:\/\/www.sp11.gliwice.pl\/index.php?rest_route=\/wp\/v2\/posts"}],"about":[{"href":"https:\/\/www.sp11.gliwice.pl\/index.php?rest_route=\/wp\/v2\/types\/post"}],"author":[{"embeddable":true,"href":"https:\/\/www.sp11.gliwice.pl\/index.php?rest_route=\/wp\/v2\/users\/3"}],"replies":[{"embeddable":true,"href":"https:\/\/www.sp11.gliwice.pl\/index.php?rest_route=%2Fwp%2Fv2%2Fcomments&post=8695"}],"version-history":[{"count":1,"href":"https:\/\/www.sp11.gliwice.pl\/index.php?rest_route=\/wp\/v2\/posts\/8695\/revisions"}],"predecessor-version":[{"id":8697,"href":"https:\/\/www.sp11.gliwice.pl\/index.php?rest_route=\/wp\/v2\/posts\/8695\/revisions\/8697"}],"wp:featuredmedia":[{"embeddable":true,"href":"https:\/\/www.sp11.gliwice.pl\/index.php?rest_route=\/wp\/v2\/media\/8696"}],"wp:attachment":[{"href":"https:\/\/www.sp11.gliwice.pl\/index.php?rest_route=%2Fwp%2Fv2%2Fmedia&parent=8695"}],"wp:term":[{"taxonomy":"category","embeddable":true,"href":"https:\/\/www.sp11.gliwice.pl\/index.php?rest_route=%2Fwp%2Fv2%2Fcategories&post=8695"},{"taxonomy":"post_tag","embeddable":true,"href":"https:\/\/www.sp11.gliwice.pl\/index.php?rest_route=%2Fwp%2Fv2%2Ftags&post=8695"}],"curies":[{"name":"wp","href":"https:\/\/api.w.org\/{rel}","templated":true}]}}