{"id":8654,"date":"2023-04-20T20:04:55","date_gmt":"2023-04-20T18:04:55","guid":{"rendered":"https:\/\/www.sp11.gliwice.pl\/?p=8654"},"modified":"2023-04-20T20:04:55","modified_gmt":"2023-04-20T18:04:55","slug":"dzien-ziemi-2","status":"publish","type":"post","link":"https:\/\/www.sp11.gliwice.pl\/?p=8654","title":{"rendered":"Dzie\u0144 Ziemi :)"},"content":{"rendered":"<p><span style=\"color: #000000;\">Ka\u017cdego roku 22 kwietnia, na ca\u0142ym globie, obchodzony jest \u015awiatowy Dzie\u0144 Ziemi. Celem \u015bwi\u0119ta jest promowanie proekologicznych postaw oraz budowanie wsp\u00f3lnej odpowiedzialno\u015bci za Ziemi\u0119. Nauka zachowa\u0144 ekologicznych nie powinna by\u0107 tylko mod\u0105, a przede wszystkim przejawem troski o przysz\u0142o\u015b\u0107 naszej planety i najm\u0142odszych pokole\u0144. Naczelnym zadaniem wsp\u00f3\u0142czesnego \u015bwiata powinno by\u0107 rozbudzanie w ludziach wra\u017cliwo\u015bci na otaczaj\u0105c\u0105 nas natur\u0119, kt\u00f3ra zachwyca swoim pi\u0119knem.<\/span><br \/>\n<span style=\"color: #000000;\">Z tej okazji 20 kwietnia nasze przedszkolaki zasadzi\u0142y w przedszkolnym ogr\u00f3dku kwiaty, wykona\u0142y przepi\u0119kne prace plastyczne oraz dowiedzia\u0142y si\u0119 jak dba\u0107 o nasz\u0105 pi\u0119kn\u0105 planet\u0119. \ud83d\ude42<br \/>\n<\/span><\/p>\n<p style=\"text-align: right;\"><em>mgr Katarzyna Szyd\u0142o<\/em><\/p>\nngg_shortcode_0_placeholder\n","protected":false},"excerpt":{"rendered":"<p>Ka\u017cdego roku 22 kwietnia, na ca\u0142ym globie, obchodzony jest \u015awiatowy Dzie\u0144 Ziemi. Celem \u015bwi\u0119ta jest promowanie proekologicznych postaw oraz budowanie wsp\u00f3lnej odpowiedzialno\u015bci za Ziemi\u0119. Nauka [&hellip;]<\/p>\n","protected":false},"author":3,"featured_media":8655,"comment_status":"closed","ping_status":"closed","sticky":false,"template":"","format":"standard","meta":{"ngg_post_thumbnail":0,"footnotes":""},"categories":[4],"tags":[],"class_list":["post-8654","post","type-post","status-publish","format-standard","has-post-thumbnail","hentry","category-aktualnosci"],"_links":{"self":[{"href":"https:\/\/www.sp11.gliwice.pl\/index.php?rest_route=\/wp\/v2\/posts\/8654","targetHints":{"allow":["GET"]}}],"collection":[{"href":"https:\/\/www.sp11.gliwice.pl\/index.php?rest_route=\/wp\/v2\/posts"}],"about":[{"href":"https:\/\/www.sp11.gliwice.pl\/index.php?rest_route=\/wp\/v2\/types\/post"}],"author":[{"embeddable":true,"href":"https:\/\/www.sp11.gliwice.pl\/index.php?rest_route=\/wp\/v2\/users\/3"}],"replies":[{"embeddable":true,"href":"https:\/\/www.sp11.gliwice.pl\/index.php?rest_route=%2Fwp%2Fv2%2Fcomments&post=8654"}],"version-history":[{"count":1,"href":"https:\/\/www.sp11.gliwice.pl\/index.php?rest_route=\/wp\/v2\/posts\/8654\/revisions"}],"predecessor-version":[{"id":8656,"href":"https:\/\/www.sp11.gliwice.pl\/index.php?rest_route=\/wp\/v2\/posts\/8654\/revisions\/8656"}],"wp:featuredmedia":[{"embeddable":true,"href":"https:\/\/www.sp11.gliwice.pl\/index.php?rest_route=\/wp\/v2\/media\/8655"}],"wp:attachment":[{"href":"https:\/\/www.sp11.gliwice.pl\/index.php?rest_route=%2Fwp%2Fv2%2Fmedia&parent=8654"}],"wp:term":[{"taxonomy":"category","embeddable":true,"href":"https:\/\/www.sp11.gliwice.pl\/index.php?rest_route=%2Fwp%2Fv2%2Fcategories&post=8654"},{"taxonomy":"post_tag","embeddable":true,"href":"https:\/\/www.sp11.gliwice.pl\/index.php?rest_route=%2Fwp%2Fv2%2Ftags&post=8654"}],"curies":[{"name":"wp","href":"https:\/\/api.w.org\/{rel}","templated":true}]}}