{"id":8616,"date":"2023-04-19T22:07:32","date_gmt":"2023-04-19T20:07:32","guid":{"rendered":"https:\/\/www.sp11.gliwice.pl\/?p=8616"},"modified":"2023-04-19T22:07:32","modified_gmt":"2023-04-19T20:07:32","slug":"8616","status":"publish","type":"post","link":"https:\/\/www.sp11.gliwice.pl\/?p=8616","title":{"rendered":""},"content":{"rendered":"<p><span style=\"color: #000000;\">19 kwietnia w naszym przedszkolu odby\u0142 si\u0119 Dzie\u0144 Matematyki. Jak wiemy Matematyka jest Kr\u00f3low\u0105 Nauk,z kt\u00f3r\u0105 mamy do czynienia niemal w ka\u017cdym aspekcie naszego \u017cycia. Dlatego z okazji Dnia Matematyki w ka\u017cdej grupie przedszkolnej odby\u0142y si\u0119 gry i zabawy,kt\u00f3re mia\u0142y na celu kszta\u0142towanie kompetencji matematycznych u przedszkolak\u00f3w. Wszystkie zadania,kt\u00f3re nasi najm\u0142odsi dzisiaj wykonywali pokaza\u0142y,\u017ce matematyka mo\u017ce by\u0107 bardzo ciekawa,przyjemna,a przy okazji mo\u017cna si\u0119 \u015bwietnie przy niej bawi\u0107\ud83d\ude03<\/span><\/p>\n<p style=\"text-align: right;\"><em>mgr Natalia Drapa<\/em><\/p>\nngg_shortcode_0_placeholder\n","protected":false},"excerpt":{"rendered":"<p>19 kwietnia w naszym przedszkolu odby\u0142 si\u0119 Dzie\u0144 Matematyki. Jak wiemy Matematyka jest Kr\u00f3low\u0105 Nauk,z kt\u00f3r\u0105 mamy do czynienia niemal w ka\u017cdym aspekcie naszego \u017cycia. [&hellip;]<\/p>\n","protected":false},"author":3,"featured_media":8617,"comment_status":"closed","ping_status":"closed","sticky":false,"template":"","format":"standard","meta":{"ngg_post_thumbnail":0,"footnotes":""},"categories":[4],"tags":[],"class_list":["post-8616","post","type-post","status-publish","format-standard","has-post-thumbnail","hentry","category-aktualnosci"],"_links":{"self":[{"href":"https:\/\/www.sp11.gliwice.pl\/index.php?rest_route=\/wp\/v2\/posts\/8616","targetHints":{"allow":["GET"]}}],"collection":[{"href":"https:\/\/www.sp11.gliwice.pl\/index.php?rest_route=\/wp\/v2\/posts"}],"about":[{"href":"https:\/\/www.sp11.gliwice.pl\/index.php?rest_route=\/wp\/v2\/types\/post"}],"author":[{"embeddable":true,"href":"https:\/\/www.sp11.gliwice.pl\/index.php?rest_route=\/wp\/v2\/users\/3"}],"replies":[{"embeddable":true,"href":"https:\/\/www.sp11.gliwice.pl\/index.php?rest_route=%2Fwp%2Fv2%2Fcomments&post=8616"}],"version-history":[{"count":1,"href":"https:\/\/www.sp11.gliwice.pl\/index.php?rest_route=\/wp\/v2\/posts\/8616\/revisions"}],"predecessor-version":[{"id":8618,"href":"https:\/\/www.sp11.gliwice.pl\/index.php?rest_route=\/wp\/v2\/posts\/8616\/revisions\/8618"}],"wp:featuredmedia":[{"embeddable":true,"href":"https:\/\/www.sp11.gliwice.pl\/index.php?rest_route=\/wp\/v2\/media\/8617"}],"wp:attachment":[{"href":"https:\/\/www.sp11.gliwice.pl\/index.php?rest_route=%2Fwp%2Fv2%2Fmedia&parent=8616"}],"wp:term":[{"taxonomy":"category","embeddable":true,"href":"https:\/\/www.sp11.gliwice.pl\/index.php?rest_route=%2Fwp%2Fv2%2Fcategories&post=8616"},{"taxonomy":"post_tag","embeddable":true,"href":"https:\/\/www.sp11.gliwice.pl\/index.php?rest_route=%2Fwp%2Fv2%2Ftags&post=8616"}],"curies":[{"name":"wp","href":"https:\/\/api.w.org\/{rel}","templated":true}]}}