{"id":8580,"date":"2023-04-19T21:53:32","date_gmt":"2023-04-19T19:53:32","guid":{"rendered":"https:\/\/www.sp11.gliwice.pl\/?p=8580"},"modified":"2023-04-19T21:53:32","modified_gmt":"2023-04-19T19:53:32","slug":"turniej-tenisa-stolowego-2","status":"publish","type":"post","link":"https:\/\/www.sp11.gliwice.pl\/?p=8580","title":{"rendered":"Turniej tenisa sto\u0142owego"},"content":{"rendered":"<p>&nbsp;&nbsp;&nbsp;<span style=\"color: #000000;\">&nbsp; Dnia 19.04.2023 r w&nbsp; ramach akcji sportowej \u201ePho3nix Active School\u201dw naszej szkole odby\u0142 si\u0119 turniej&nbsp; indywidualny i rodzinny z tenisa sto\u0142owego . Celem turnieju by\u0142a &nbsp;popularyzacja tenisa sto\u0142owego i promowanie sportowego trybu \u017cycia i aktywnego sp\u0119dzania czasu wolnego. W ka\u017cdej kategorii do samego ko\u0144ca toczy\u0142y si\u0119 zaci\u0119te rozgrywki o zwyci\u0119stwo w Turnieju, a emocje udziela\u0142y si\u0119 nawet do\u015bwiadczonym graczom. Po zaci\u0119tej rywalizacji sportowej zostali wy\u0142onieni najlepsi.<\/span><\/p>\n<p><span style=\"color: #000000;\"><strong>Wyniki rywalizacji:<\/strong><\/span><\/p>\n<p><span style=\"color: #000000;\">W kat. ch\u0142opc\u00f3w m\u0142odszych: I miejsce \u2013 Tobiasz Kosi\u0144ski<\/span><\/p>\n<p><span style=\"color: #000000;\">&nbsp;&nbsp;&nbsp;&nbsp;&nbsp;&nbsp;&nbsp;&nbsp;&nbsp;&nbsp;&nbsp;&nbsp;&nbsp;&nbsp;&nbsp;&nbsp;&nbsp;&nbsp;&nbsp;&nbsp;&nbsp;&nbsp;&nbsp;&nbsp;&nbsp;&nbsp;&nbsp;&nbsp;&nbsp;&nbsp;&nbsp;&nbsp;&nbsp;&nbsp;&nbsp;&nbsp;&nbsp;&nbsp;&nbsp;&nbsp;&nbsp;&nbsp;&nbsp;&nbsp;&nbsp;&nbsp;&nbsp; II miejsce- Tobiasz Adamski<\/span><\/p>\n<p><span style=\"color: #000000;\">&nbsp;&nbsp;&nbsp;&nbsp;&nbsp;&nbsp;&nbsp;&nbsp;&nbsp;&nbsp;&nbsp;&nbsp;&nbsp;&nbsp;&nbsp;&nbsp;&nbsp;&nbsp;&nbsp;&nbsp;&nbsp;&nbsp;&nbsp;&nbsp;&nbsp;&nbsp;&nbsp;&nbsp;&nbsp;&nbsp;&nbsp;&nbsp;&nbsp;&nbsp;&nbsp;&nbsp;&nbsp;&nbsp;&nbsp;&nbsp;&nbsp;&nbsp;&nbsp;&nbsp;&nbsp;&nbsp;&nbsp; III miejsce-Cezary Kwieci\u0144ski \u2013 Brylok.<\/span><\/p>\n<p><span style=\"color: #000000;\">W kat. dziewcz\u0105t m\u0142odszych :I miejsce-Maja Adamek<\/span><\/p>\n<p><span style=\"color: #000000;\">&nbsp;&nbsp;&nbsp;&nbsp;&nbsp;&nbsp;&nbsp;&nbsp;&nbsp;&nbsp;&nbsp;&nbsp;&nbsp;&nbsp;&nbsp;&nbsp;&nbsp;&nbsp;&nbsp;&nbsp;&nbsp;&nbsp;&nbsp;&nbsp;&nbsp;&nbsp;&nbsp;&nbsp;&nbsp;&nbsp;&nbsp;&nbsp;&nbsp;&nbsp;&nbsp;&nbsp;&nbsp;&nbsp;&nbsp;&nbsp;&nbsp;&nbsp;&nbsp;&nbsp;&nbsp;&nbsp;&nbsp; II miejsce- Selena Kwieci\u0144ska- Brylok.<\/span><\/p>\n<p><span style=\"color: #000000;\">W kat. dziewcz\u0105t starszych: I miejsce- Magdalena Mach<\/span><\/p>\n<p><span style=\"color: #000000;\">&nbsp;&nbsp;&nbsp;&nbsp;&nbsp;&nbsp;&nbsp;&nbsp;&nbsp;&nbsp;&nbsp;&nbsp;&nbsp;&nbsp;&nbsp;&nbsp;&nbsp;&nbsp;&nbsp;&nbsp;&nbsp;&nbsp;&nbsp;&nbsp;&nbsp;&nbsp;&nbsp;&nbsp;&nbsp;&nbsp;&nbsp;&nbsp;&nbsp;&nbsp;&nbsp;&nbsp;&nbsp;&nbsp;&nbsp;&nbsp;&nbsp;&nbsp;&nbsp;&nbsp;&nbsp; II miejsce- Oliwia Babiarczyk<\/span><\/p>\n<p><span style=\"color: #000000;\">&nbsp;&nbsp;&nbsp;&nbsp;&nbsp;&nbsp;&nbsp;&nbsp;&nbsp;&nbsp;&nbsp;&nbsp;&nbsp;&nbsp;&nbsp;&nbsp;&nbsp;&nbsp;&nbsp;&nbsp;&nbsp;&nbsp;&nbsp;&nbsp;&nbsp;&nbsp;&nbsp;&nbsp;&nbsp;&nbsp;&nbsp;&nbsp;&nbsp;&nbsp;&nbsp;&nbsp;&nbsp;&nbsp;&nbsp;&nbsp;&nbsp;&nbsp;&nbsp;&nbsp;&nbsp; III miejsce \u2013 Natalia Lech.<\/span><\/p>\n<p><span style=\"color: #000000;\">W kat. ch\u0142opc\u00f3w starszych: I miejsce- Oliwier Kosi\u0144ski<\/span><\/p>\n<p><span style=\"color: #000000;\">&nbsp;&nbsp;&nbsp;&nbsp;&nbsp;&nbsp;&nbsp;&nbsp;&nbsp;&nbsp;&nbsp;&nbsp;&nbsp;&nbsp;&nbsp;&nbsp;&nbsp;&nbsp;&nbsp;&nbsp;&nbsp;&nbsp;&nbsp;&nbsp;&nbsp;&nbsp;&nbsp;&nbsp;&nbsp;&nbsp;&nbsp;&nbsp;&nbsp;&nbsp;&nbsp;&nbsp;&nbsp;&nbsp;&nbsp;&nbsp;&nbsp;&nbsp;&nbsp;&nbsp; II miejsce- Dominik Adamski<\/span><\/p>\n<p><span style=\"color: #000000;\">&nbsp;&nbsp;&nbsp;&nbsp;&nbsp;&nbsp;&nbsp;&nbsp;&nbsp;&nbsp;&nbsp;&nbsp;&nbsp;&nbsp;&nbsp;&nbsp;&nbsp;&nbsp;&nbsp;&nbsp;&nbsp;&nbsp;&nbsp;&nbsp;&nbsp;&nbsp;&nbsp;&nbsp;&nbsp;&nbsp;&nbsp;&nbsp;&nbsp;&nbsp; &nbsp;&nbsp;&nbsp;&nbsp;&nbsp;&nbsp;&nbsp;&nbsp;&nbsp;III miejsce- Piotr Buchcik.<\/span><\/p>\n<p><span style=\"color: #000000;\">Do turnieju rodzinnego zg\u0142osi\u0142o si\u0119 8 dru\u017cyn.&nbsp; I set grali uczniowie , II set cz\u0142onek rodziny, III set gra deblowa.<\/span><\/p>\n<p><span style=\"color: #000000;\">Ostateczna klasyfikacja :I miejsce Piotr Kikosicki z tat\u0105<\/span><\/p>\n<p><span style=\"color: #000000;\">&nbsp;&nbsp;&nbsp;&nbsp;&nbsp;&nbsp;&nbsp;&nbsp;&nbsp;&nbsp;&nbsp;&nbsp;&nbsp;&nbsp;&nbsp;&nbsp;&nbsp;&nbsp;&nbsp;&nbsp;&nbsp;&nbsp;&nbsp;&nbsp;&nbsp;&nbsp;&nbsp;&nbsp;&nbsp;&nbsp;&nbsp;&nbsp;&nbsp;&nbsp;&nbsp;&nbsp;&nbsp;&nbsp;&nbsp; II miejsce Oliwier Kosi\u0144ski z mam\u0105<\/span><\/p>\n<p><span style=\"color: #000000;\">&nbsp;&nbsp;&nbsp;&nbsp;&nbsp;&nbsp;&nbsp;&nbsp;&nbsp;&nbsp;&nbsp;&nbsp;&nbsp;&nbsp;&nbsp;&nbsp;&nbsp;&nbsp;&nbsp;&nbsp;&nbsp;&nbsp;&nbsp;&nbsp;&nbsp;&nbsp;&nbsp;&nbsp;&nbsp;&nbsp;&nbsp;&nbsp;&nbsp;&nbsp;&nbsp;&nbsp;&nbsp;&nbsp;&nbsp; III miejsce Tobiasz Kosi\u0144ski z tat\u0105.<\/span><\/p>\n<p><span style=\"color: #000000;\">Wygranym wr\u0119czono puchar, medale , dyplomy oraz nagrody.&nbsp;<\/span><\/p>\n<p style=\"text-align: right;\"><em>mgr Katarzyna Ogaza<\/em><br \/>\n<em>mgr Anna Szaradowska<\/em><br \/>\n<em>mgr Rafa\u0142 Dul\u0119ba<\/em><\/p>\nngg_shortcode_0_placeholder\n","protected":false},"excerpt":{"rendered":"<p>&nbsp;&nbsp;&nbsp;&nbsp; Dnia 19.04.2023 r w&nbsp; ramach akcji sportowej \u201ePho3nix Active School\u201dw naszej szkole odby\u0142 si\u0119 turniej&nbsp; indywidualny i rodzinny z tenisa sto\u0142owego . Celem turnieju [&hellip;]<\/p>\n","protected":false},"author":3,"featured_media":8582,"comment_status":"closed","ping_status":"closed","sticky":false,"template":"","format":"standard","meta":{"ngg_post_thumbnail":0,"footnotes":""},"categories":[4],"tags":[],"class_list":["post-8580","post","type-post","status-publish","format-standard","has-post-thumbnail","hentry","category-aktualnosci"],"_links":{"self":[{"href":"https:\/\/www.sp11.gliwice.pl\/index.php?rest_route=\/wp\/v2\/posts\/8580","targetHints":{"allow":["GET"]}}],"collection":[{"href":"https:\/\/www.sp11.gliwice.pl\/index.php?rest_route=\/wp\/v2\/posts"}],"about":[{"href":"https:\/\/www.sp11.gliwice.pl\/index.php?rest_route=\/wp\/v2\/types\/post"}],"author":[{"embeddable":true,"href":"https:\/\/www.sp11.gliwice.pl\/index.php?rest_route=\/wp\/v2\/users\/3"}],"replies":[{"embeddable":true,"href":"https:\/\/www.sp11.gliwice.pl\/index.php?rest_route=%2Fwp%2Fv2%2Fcomments&post=8580"}],"version-history":[{"count":1,"href":"https:\/\/www.sp11.gliwice.pl\/index.php?rest_route=\/wp\/v2\/posts\/8580\/revisions"}],"predecessor-version":[{"id":8583,"href":"https:\/\/www.sp11.gliwice.pl\/index.php?rest_route=\/wp\/v2\/posts\/8580\/revisions\/8583"}],"wp:featuredmedia":[{"embeddable":true,"href":"https:\/\/www.sp11.gliwice.pl\/index.php?rest_route=\/wp\/v2\/media\/8582"}],"wp:attachment":[{"href":"https:\/\/www.sp11.gliwice.pl\/index.php?rest_route=%2Fwp%2Fv2%2Fmedia&parent=8580"}],"wp:term":[{"taxonomy":"category","embeddable":true,"href":"https:\/\/www.sp11.gliwice.pl\/index.php?rest_route=%2Fwp%2Fv2%2Fcategories&post=8580"},{"taxonomy":"post_tag","embeddable":true,"href":"https:\/\/www.sp11.gliwice.pl\/index.php?rest_route=%2Fwp%2Fv2%2Ftags&post=8580"}],"curies":[{"name":"wp","href":"https:\/\/api.w.org\/{rel}","templated":true}]}}