{"id":8537,"date":"2023-04-18T20:39:44","date_gmt":"2023-04-18T18:39:44","guid":{"rendered":"https:\/\/www.sp11.gliwice.pl\/?p=8537"},"modified":"2023-04-18T20:39:44","modified_gmt":"2023-04-18T18:39:44","slug":"dzien-czekolady-w-przedszkolu","status":"publish","type":"post","link":"https:\/\/www.sp11.gliwice.pl\/?p=8537","title":{"rendered":"DZIE\u0143  CZEKOLADY  W  PRZEDSZKOLU"},"content":{"rendered":"<p><span style=\"color: #993300;\"><strong><em>Ta tabliczka pilnie zerka<\/em><\/strong><\/span><br \/>\n<span style=\"color: #993300;\"><strong><em>na ka\u017cdego spod sreberka.<\/em><\/strong><\/span><br \/>\n<span style=\"color: #993300;\"><strong><em>Mo\u017ce gorzka by\u0107 lub mleczna,<\/em><\/strong><\/span><br \/>\n<span style=\"color: #993300;\"><strong><em>bia\u0142a, deserowa, ale zawsze jest bajeczna!<\/em><\/strong><\/span><br \/>\n<span style=\"color: #993300;\"><strong><em>Z orzechami lub nadzieniem<\/em><\/strong><\/span><br \/>\n<span style=\"color: #993300;\"><strong><em>rz\u0105dzi naszym podniebieniem.<\/em><\/strong><\/span><\/p>\n<p><span style=\"color: #993300;\"><strong>Tak! Oczywi\u015bcie!<\/strong><\/span><\/p>\n<p><span style=\"color: #993300;\"><strong>To CZEKOLADA!<\/strong><\/span><\/p>\n<p><span style=\"color: #000000;\"> Czekolada to przysmak szanowany na ca\u0142ym \u015bwiecie, przez najm\u0142odszych i tych nieco starszych. <\/span><\/p>\n<p><span style=\"color: #000000;\">Uwielbiana, doceniania za swoje walory smakowe i w\u0142a\u015bciwo\u015bci czekolada obchodzi tak\u017ce swoje \u015bwi\u0119to. Dzie\u0144 czekolady przypada a\u017c kilka razy do roku.<\/span><\/p>\n<p><span style=\"color: #000000;\">&nbsp;My obchodzili\u015bmy Dzie\u0144 Czekolady 17 kwietnia.<\/span><\/p>\n<p><span style=\"color: #000000;\">&nbsp;&nbsp;&nbsp;&nbsp; Przedszkolaki dowiedzia\u0142y si\u0119 jak powstaje czekolada, pota\u0144czy\u0142y w rytm &#8221; czekoladowych &#8222;piosenek, no i co najwa\u017cniejsze &#8211; posmakowa\u0142y r\u00f3\u017cnych smak\u00f3w&nbsp; ulubionego przysmaku!<\/span><\/p>\n<p style=\"text-align: right;\"><em>mgr Cecylia Pierzcha\u0142a<\/em><\/p>\nngg_shortcode_0_placeholder\n","protected":false},"excerpt":{"rendered":"<p>Ta tabliczka pilnie zerka na ka\u017cdego spod sreberka. Mo\u017ce gorzka by\u0107 lub mleczna, bia\u0142a, deserowa, ale zawsze jest bajeczna! Z orzechami lub nadzieniem rz\u0105dzi naszym [&hellip;]<\/p>\n","protected":false},"author":3,"featured_media":8538,"comment_status":"closed","ping_status":"closed","sticky":false,"template":"","format":"standard","meta":{"ngg_post_thumbnail":0,"footnotes":""},"categories":[4],"tags":[],"class_list":["post-8537","post","type-post","status-publish","format-standard","has-post-thumbnail","hentry","category-aktualnosci"],"_links":{"self":[{"href":"https:\/\/www.sp11.gliwice.pl\/index.php?rest_route=\/wp\/v2\/posts\/8537","targetHints":{"allow":["GET"]}}],"collection":[{"href":"https:\/\/www.sp11.gliwice.pl\/index.php?rest_route=\/wp\/v2\/posts"}],"about":[{"href":"https:\/\/www.sp11.gliwice.pl\/index.php?rest_route=\/wp\/v2\/types\/post"}],"author":[{"embeddable":true,"href":"https:\/\/www.sp11.gliwice.pl\/index.php?rest_route=\/wp\/v2\/users\/3"}],"replies":[{"embeddable":true,"href":"https:\/\/www.sp11.gliwice.pl\/index.php?rest_route=%2Fwp%2Fv2%2Fcomments&post=8537"}],"version-history":[{"count":1,"href":"https:\/\/www.sp11.gliwice.pl\/index.php?rest_route=\/wp\/v2\/posts\/8537\/revisions"}],"predecessor-version":[{"id":8539,"href":"https:\/\/www.sp11.gliwice.pl\/index.php?rest_route=\/wp\/v2\/posts\/8537\/revisions\/8539"}],"wp:featuredmedia":[{"embeddable":true,"href":"https:\/\/www.sp11.gliwice.pl\/index.php?rest_route=\/wp\/v2\/media\/8538"}],"wp:attachment":[{"href":"https:\/\/www.sp11.gliwice.pl\/index.php?rest_route=%2Fwp%2Fv2%2Fmedia&parent=8537"}],"wp:term":[{"taxonomy":"category","embeddable":true,"href":"https:\/\/www.sp11.gliwice.pl\/index.php?rest_route=%2Fwp%2Fv2%2Fcategories&post=8537"},{"taxonomy":"post_tag","embeddable":true,"href":"https:\/\/www.sp11.gliwice.pl\/index.php?rest_route=%2Fwp%2Fv2%2Ftags&post=8537"}],"curies":[{"name":"wp","href":"https:\/\/api.w.org\/{rel}","templated":true}]}}