{"id":8502,"date":"2023-04-17T11:09:29","date_gmt":"2023-04-17T09:09:29","guid":{"rendered":"https:\/\/www.sp11.gliwice.pl\/?p=8502"},"modified":"2023-04-17T11:25:36","modified_gmt":"2023-04-17T09:25:36","slug":"laureatka-alicja","status":"publish","type":"post","link":"https:\/\/www.sp11.gliwice.pl\/?p=8502","title":{"rendered":"Laureatka Alicja! :)"},"content":{"rendered":"<p><span style=\"color: #000000;\">Nasza wychowanka z grupy Kubusi\u00f3w Puchatk\u00f3w Alicja Nowak reprezentowa\u0142a nasze przedszkole bior\u0105c udzia\u0142 w Konkursie Gliwickiej Akademii Zdrowia Dzieci &#8221; Owocowy zawr\u00f3t g\u0142owy&#8221;.<\/span><\/p>\n<p><span style=\"color: #000000;\">Celem konkursu jest promocja zdrowego stylu \u017cycia w\u015br\u00f3d dzieci, kszta\u0142towanie umiej\u0119tno\u015bci wyst\u0105pie\u0144 publicznych, propagowanie idei zdrowego od\u017cywiania, zach\u0119canie do wsp\u00f3lnej rodzinnej aktywno\u015bci.<\/span><\/p>\n<p><span style=\"color: #000000;\">Przedmiotem konkursu by\u0142o wykonanie i zaprezentowanie oryginalnego nakrycia g\u0142owy nawi\u0105zuj\u0105cego do has\u0142a &#8221; Owocowy zawr\u00f3t g\u0142owy&#8221;<\/span><\/p>\n<p><span style=\"color: #000000;\">Nasza Alicja zdoby\u0142a<\/span> <span style=\"color: #ff0000;\"><strong>II miejsce<\/strong><\/span><span style=\"color: #000000;\">!!!!<\/span><\/p>\n<p><span style=\"color: #000000;\">Serdecznie gratulujemy i \u017cyczymy dalszych sukces\u00f3w!!! \ud83d\ude42 <\/span><\/p>\n<p><span style=\"color: #000000;\">Konkurs obj\u0105\u0142 swoim patronatem&nbsp; Prezydent Miasta Gliwice &#8211; Adam Neumann.<\/span><\/p>\n<p style=\"text-align: right;\"><em>mgr Cecylia Pierzcha\u0142a<\/em><\/p>\nngg_shortcode_0_placeholder\n","protected":false},"excerpt":{"rendered":"<p>Nasza wychowanka z grupy Kubusi\u00f3w Puchatk\u00f3w Alicja Nowak reprezentowa\u0142a nasze przedszkole bior\u0105c udzia\u0142 w Konkursie Gliwickiej Akademii Zdrowia Dzieci &#8221; Owocowy zawr\u00f3t g\u0142owy&#8221;. Celem konkursu [&hellip;]<\/p>\n","protected":false},"author":3,"featured_media":8503,"comment_status":"closed","ping_status":"closed","sticky":false,"template":"","format":"standard","meta":{"ngg_post_thumbnail":0,"footnotes":""},"categories":[4],"tags":[],"class_list":["post-8502","post","type-post","status-publish","format-standard","has-post-thumbnail","hentry","category-aktualnosci"],"_links":{"self":[{"href":"https:\/\/www.sp11.gliwice.pl\/index.php?rest_route=\/wp\/v2\/posts\/8502","targetHints":{"allow":["GET"]}}],"collection":[{"href":"https:\/\/www.sp11.gliwice.pl\/index.php?rest_route=\/wp\/v2\/posts"}],"about":[{"href":"https:\/\/www.sp11.gliwice.pl\/index.php?rest_route=\/wp\/v2\/types\/post"}],"author":[{"embeddable":true,"href":"https:\/\/www.sp11.gliwice.pl\/index.php?rest_route=\/wp\/v2\/users\/3"}],"replies":[{"embeddable":true,"href":"https:\/\/www.sp11.gliwice.pl\/index.php?rest_route=%2Fwp%2Fv2%2Fcomments&post=8502"}],"version-history":[{"count":2,"href":"https:\/\/www.sp11.gliwice.pl\/index.php?rest_route=\/wp\/v2\/posts\/8502\/revisions"}],"predecessor-version":[{"id":8505,"href":"https:\/\/www.sp11.gliwice.pl\/index.php?rest_route=\/wp\/v2\/posts\/8502\/revisions\/8505"}],"wp:featuredmedia":[{"embeddable":true,"href":"https:\/\/www.sp11.gliwice.pl\/index.php?rest_route=\/wp\/v2\/media\/8503"}],"wp:attachment":[{"href":"https:\/\/www.sp11.gliwice.pl\/index.php?rest_route=%2Fwp%2Fv2%2Fmedia&parent=8502"}],"wp:term":[{"taxonomy":"category","embeddable":true,"href":"https:\/\/www.sp11.gliwice.pl\/index.php?rest_route=%2Fwp%2Fv2%2Fcategories&post=8502"},{"taxonomy":"post_tag","embeddable":true,"href":"https:\/\/www.sp11.gliwice.pl\/index.php?rest_route=%2Fwp%2Fv2%2Ftags&post=8502"}],"curies":[{"name":"wp","href":"https:\/\/api.w.org\/{rel}","templated":true}]}}