{"id":8493,"date":"2023-04-16T17:38:59","date_gmt":"2023-04-16T15:38:59","guid":{"rendered":"https:\/\/www.sp11.gliwice.pl\/?p=8493"},"modified":"2023-04-16T17:38:59","modified_gmt":"2023-04-16T15:38:59","slug":"wizyta-przedszkolakow-w-szkolnej-bibliotece","status":"publish","type":"post","link":"https:\/\/www.sp11.gliwice.pl\/?p=8493","title":{"rendered":"Wizyta przedszkolak\u00f3w w szkolnej bibliotece :)"},"content":{"rendered":"<p><span style=\"color: #000000;\">&nbsp;&nbsp;&nbsp;&nbsp;&nbsp; Nawi\u0105zuj\u0105c do&nbsp; \u015awiatowego Dnia Ksi\u0105\u017cki dla Dzieci grupa Motylk\u00f3w i Kubusi\u00f3w Puchatk\u00f3w&nbsp; odwiedzi\u0142a bibliotek\u0119 mieszcz\u0105c\u0105 si\u0119 w budynku naszej Szko\u0142y.<\/span><\/p>\n<p><span style=\"color: #000000;\">&nbsp;&nbsp;&nbsp;&nbsp; Dla niekt\u00f3rych przedszkolak\u00f3w, by\u0142a to pierwsza wizyta w takim miejscu. Dzi\u0119ki pani Gra\u017cynce, kt\u00f3ra pe\u0142ni mi\u0119dzy innymi funkcj\u0119 bibliotekarki, dzieci pozna\u0142y podstawowe zasady kt\u00f3rych nale\u017cy przestrzega\u0107 przebywaj\u0105c w bibliotece.<\/span><\/p>\n<p><span style=\"color: #000000;\">Ka\u017cdy m\u00f3g\u0142 obejrze\u0107 ksi\u0105\u017ceczki o tematyce dzieci\u0119cej, zada\u0107 nawet najdziwniejsze pytanie dotycz\u0105ce pracy w bibliotece. Pani Gra\u017cynka na wszelkie zapytania odpowiada\u0142a wyczerpuj\u0105co i z u\u015bmiechem zaspakajaj\u0105c dzieci\u0119c\u0105 ciekawo\u015b\u0107.<\/span><\/p>\n<p><span style=\"color: #000000;\">&nbsp;&nbsp;&nbsp;&nbsp; Przedszkolaki odpowiada\u0142y na zagadki dotycz\u0105ce znanych bajek i ba\u015bni, dostaj\u0105c w nagrod\u0119 pami\u0105tkowe zak\u0142adki do ksi\u0105\u017cek.<\/span><\/p>\n<p><span style=\"color: #000000;\">&nbsp;&nbsp;&nbsp; My r\u00f3wnie\u017c zaprosili\u015bmy pani\u0105 Gra\u017cynk\u0119 do naszych sal by mog\u0142a poogl\u0105da\u0107 ksi\u0105\u017ceczki przyniesione przez dzieci z dom\u00f3w. W ka\u017cdej grupie p. Gra\u017cynka przeczyta\u0142a dzieciom bajk\u0119.<\/span><\/p>\n<p><span style=\"color: #000000;\">&nbsp;&nbsp;&nbsp;&nbsp;&nbsp;&nbsp; Dzi\u0119kujemy pani Gra\u017cynce za po\u015bwi\u0119cony nam czas!! \ud83d\ude42<\/span><\/p>\n<p style=\"text-align: right;\"><em>mgr Cecylia Pierzcha\u0142a<\/em><\/p>\nngg_shortcode_0_placeholder\n","protected":false},"excerpt":{"rendered":"<p>&nbsp;&nbsp;&nbsp;&nbsp;&nbsp; Nawi\u0105zuj\u0105c do&nbsp; \u015awiatowego Dnia Ksi\u0105\u017cki dla Dzieci grupa Motylk\u00f3w i Kubusi\u00f3w Puchatk\u00f3w&nbsp; odwiedzi\u0142a bibliotek\u0119 mieszcz\u0105c\u0105 si\u0119 w budynku naszej Szko\u0142y. &nbsp;&nbsp;&nbsp;&nbsp; Dla niekt\u00f3rych przedszkolak\u00f3w, [&hellip;]<\/p>\n","protected":false},"author":3,"featured_media":8494,"comment_status":"closed","ping_status":"closed","sticky":false,"template":"","format":"standard","meta":{"ngg_post_thumbnail":0,"footnotes":""},"categories":[4],"tags":[],"class_list":["post-8493","post","type-post","status-publish","format-standard","has-post-thumbnail","hentry","category-aktualnosci"],"_links":{"self":[{"href":"https:\/\/www.sp11.gliwice.pl\/index.php?rest_route=\/wp\/v2\/posts\/8493","targetHints":{"allow":["GET"]}}],"collection":[{"href":"https:\/\/www.sp11.gliwice.pl\/index.php?rest_route=\/wp\/v2\/posts"}],"about":[{"href":"https:\/\/www.sp11.gliwice.pl\/index.php?rest_route=\/wp\/v2\/types\/post"}],"author":[{"embeddable":true,"href":"https:\/\/www.sp11.gliwice.pl\/index.php?rest_route=\/wp\/v2\/users\/3"}],"replies":[{"embeddable":true,"href":"https:\/\/www.sp11.gliwice.pl\/index.php?rest_route=%2Fwp%2Fv2%2Fcomments&post=8493"}],"version-history":[{"count":1,"href":"https:\/\/www.sp11.gliwice.pl\/index.php?rest_route=\/wp\/v2\/posts\/8493\/revisions"}],"predecessor-version":[{"id":8495,"href":"https:\/\/www.sp11.gliwice.pl\/index.php?rest_route=\/wp\/v2\/posts\/8493\/revisions\/8495"}],"wp:featuredmedia":[{"embeddable":true,"href":"https:\/\/www.sp11.gliwice.pl\/index.php?rest_route=\/wp\/v2\/media\/8494"}],"wp:attachment":[{"href":"https:\/\/www.sp11.gliwice.pl\/index.php?rest_route=%2Fwp%2Fv2%2Fmedia&parent=8493"}],"wp:term":[{"taxonomy":"category","embeddable":true,"href":"https:\/\/www.sp11.gliwice.pl\/index.php?rest_route=%2Fwp%2Fv2%2Fcategories&post=8493"},{"taxonomy":"post_tag","embeddable":true,"href":"https:\/\/www.sp11.gliwice.pl\/index.php?rest_route=%2Fwp%2Fv2%2Ftags&post=8493"}],"curies":[{"name":"wp","href":"https:\/\/api.w.org\/{rel}","templated":true}]}}