{"id":8425,"date":"2023-04-13T17:47:06","date_gmt":"2023-04-13T15:47:06","guid":{"rendered":"https:\/\/www.sp11.gliwice.pl\/?p=8425"},"modified":"2023-04-13T17:47:06","modified_gmt":"2023-04-13T15:47:06","slug":"dzien-ksiazki-dla-dzieci-w-przedszkolu","status":"publish","type":"post","link":"https:\/\/www.sp11.gliwice.pl\/?p=8425","title":{"rendered":"DZIE\u0143 KSI\u0104\u017bKI DLA DZIECI W PRZEDSZKOLU :)"},"content":{"rendered":"<p><span style=\"color: #000000;\">Mi\u0119dzynarodowy Dzie\u0144 Ksi\u0105\u017cki dla Dzieci to \u015bwi\u0119to obchodzone co roku 2 kwietnia, w rocznic\u0119 urodzin du\u0144skiego ba\u015bniopisarza Hansa Christiana Andersena. Dzie\u0144 ten ma na celu upowszechnianie ksi\u0105\u017cek dla dzieci oraz wspieranie czytania przez dzieci (a szczeg\u00f3lnie dla najm\u0142odszych).<\/span><br \/>\n<span style=\"color: #000000;\">W naszym przedszkolu, dzie\u0144 ten by\u0142 obchodzony w p\u00f3\u017aniejszym terminie \u2013 12 kwietnia, co nie oznacza, \u017ce nie by\u0142o fajnie! Dzieci obejrza\u0142y prezentacj\u0119 multimedialn\u0105 dotycz\u0105c\u0105 tematu, pozna\u0142y jak powstaje ksi\u0105\u017cka, bra\u0142y udzia\u0142, a zabawach i konkursach, a na koniec wykona\u0142y super prace plastyczne!<\/span><\/p>\n<p style=\"text-align: right;\"><em>mgr Cecylia Pierzcha\u0142a<\/em><\/p>\nngg_shortcode_0_placeholder\n","protected":false},"excerpt":{"rendered":"<p>Mi\u0119dzynarodowy Dzie\u0144 Ksi\u0105\u017cki dla Dzieci to \u015bwi\u0119to obchodzone co roku 2 kwietnia, w rocznic\u0119 urodzin du\u0144skiego ba\u015bniopisarza Hansa Christiana Andersena. Dzie\u0144 ten ma na celu [&hellip;]<\/p>\n","protected":false},"author":3,"featured_media":8426,"comment_status":"closed","ping_status":"closed","sticky":false,"template":"","format":"standard","meta":{"ngg_post_thumbnail":0,"footnotes":""},"categories":[4],"tags":[],"class_list":["post-8425","post","type-post","status-publish","format-standard","has-post-thumbnail","hentry","category-aktualnosci"],"_links":{"self":[{"href":"https:\/\/www.sp11.gliwice.pl\/index.php?rest_route=\/wp\/v2\/posts\/8425","targetHints":{"allow":["GET"]}}],"collection":[{"href":"https:\/\/www.sp11.gliwice.pl\/index.php?rest_route=\/wp\/v2\/posts"}],"about":[{"href":"https:\/\/www.sp11.gliwice.pl\/index.php?rest_route=\/wp\/v2\/types\/post"}],"author":[{"embeddable":true,"href":"https:\/\/www.sp11.gliwice.pl\/index.php?rest_route=\/wp\/v2\/users\/3"}],"replies":[{"embeddable":true,"href":"https:\/\/www.sp11.gliwice.pl\/index.php?rest_route=%2Fwp%2Fv2%2Fcomments&post=8425"}],"version-history":[{"count":1,"href":"https:\/\/www.sp11.gliwice.pl\/index.php?rest_route=\/wp\/v2\/posts\/8425\/revisions"}],"predecessor-version":[{"id":8427,"href":"https:\/\/www.sp11.gliwice.pl\/index.php?rest_route=\/wp\/v2\/posts\/8425\/revisions\/8427"}],"wp:featuredmedia":[{"embeddable":true,"href":"https:\/\/www.sp11.gliwice.pl\/index.php?rest_route=\/wp\/v2\/media\/8426"}],"wp:attachment":[{"href":"https:\/\/www.sp11.gliwice.pl\/index.php?rest_route=%2Fwp%2Fv2%2Fmedia&parent=8425"}],"wp:term":[{"taxonomy":"category","embeddable":true,"href":"https:\/\/www.sp11.gliwice.pl\/index.php?rest_route=%2Fwp%2Fv2%2Fcategories&post=8425"},{"taxonomy":"post_tag","embeddable":true,"href":"https:\/\/www.sp11.gliwice.pl\/index.php?rest_route=%2Fwp%2Fv2%2Ftags&post=8425"}],"curies":[{"name":"wp","href":"https:\/\/api.w.org\/{rel}","templated":true}]}}