{"id":8391,"date":"2023-04-12T16:34:54","date_gmt":"2023-04-12T14:34:54","guid":{"rendered":"https:\/\/www.sp11.gliwice.pl\/?p=8391"},"modified":"2023-04-12T16:34:54","modified_gmt":"2023-04-12T14:34:54","slug":"mobilne-laboratoria-przyszlosci-w-naszej-szkole","status":"publish","type":"post","link":"https:\/\/www.sp11.gliwice.pl\/?p=8391","title":{"rendered":"Mobilne Laboratoria Przysz\u0142o\u015bci w naszej szkole :)"},"content":{"rendered":"<p><span style=\"color: #000000;\">Laboratoria Przysz\u0142o\u015bci to program przygotowany przez Ministerstwo Edukacji i Nauki we wsp\u00f3\u0142pracy z Centrum GovTech. Jego celem jest wzrost kompetencji technicznych i interdyscyplinarnych w\u015br\u00f3d uczni\u00f3w. W ramach dofinansowania szko\u0142y podstawowe mog\u0142y zakupi\u0107 r\u00f3\u017cnorodne narz\u0119dzia i pomoce, kt\u00f3re pozwol\u0105 na prowadzenie zaj\u0119\u0107 zgodnie z ide\u0105 rozwoju kompetencji STEAM. Wysoko\u015b\u0107 dofinansowania jest \u015bci\u015ble zwi\u0105zana z liczb\u0105 uczni\u00f3w w szkole.<\/span><\/p>\n<p><span style=\"color: #000000;\">Nasza szko\u0142a zakupi\u0142a:<\/span><\/p>\n<p><span style=\"color: #000000;\">\u2013 drukark\u0119 3D<\/span><br \/>\n<span style=\"color: #000000;\">\u2013 mikrokontroler<\/span><br \/>\n<span style=\"color: #000000;\">\u2013 stacj\u0119 lutownicz\u0105<\/span><br \/>\n<span style=\"color: #000000;\">\u2013 aparat fotograficzny z kamer\u0105, statyw, o\u015bwietlenie<\/span><br \/>\n<span style=\"color: #000000;\">\u2013 mikrofon kierunkowy, mikroport<\/span><br \/>\n<span style=\"color: #000000;\">\u2013 gimbal do aparatu fotograficznego i kamery<\/span><br \/>\n<span style=\"color: #000000;\">\u2013 laptop<\/span><br \/>\n<span style=\"color: #000000;\">\u2013 okulary VR wirtualne + kostki QR ClassVR &nbsp;<\/span><\/p>\n<p><span style=\"color: #000000;\">W dniu dzisiejszym uczniowie klas 5-7 uczestniczyli w warsztatach w ramach Mobilnych Laboratori\u00f3w Przysz\u0142o\u015bci.&nbsp; Bus z ekspertami z&nbsp;<\/span><span style=\"color: #000000;\"> Instytutu Bada\u0144 Edukacyjnych i sprz\u0119tem stan\u0105\u0142 dzisiaj na placu szkolnym \ud83d\ude42<br \/>\n<\/span><\/p>\n<p><span style=\"color: #000000;\">Edukatorzy w 2 salach przeprowadzili zaj\u0119cia z mo\u017cliwo\u015bci wykorzystywania zakupionego sprz\u0119tu. Stworzyli &nbsp;na miejscu przestrze\u0144 do zabawy i eksperyment\u00f3w, do kreatywnego my\u015blenia i szukania konstruktywnych rozwi\u0105za\u0144. Wdra\u017cali do&nbsp; pracy zespo\u0142owej i odkrywania szkolnych supermocy, czyli naturalnych predyspozycji i talent\u00f3w uczni\u00f3w. Podczas lekcji edukatorzy rozwijali zainteresowania umiej\u0119tno\u015bciami, kt\u00f3re pozwol\u0105 uczniom wykorzysta\u0107 technologi\u0119 w spos\u00f3b zgodny z predyspozycjami uczni\u00f3w.<\/span><\/p>\n<p><span style=\"color: #000000;\">Udzia\u0142 w warsztatach to okazja do eksperymentowania z technologi\u0105 i rozwoju zawodowego. Edukatorzy Mobilnych Laboratori\u00f3w Przysz\u0142o\u015bci zaproponowali koncepcj\u0119 modu\u0142\u00f3w edukacyjnych do powtarzania z uczniami podczas lekcji lub dalszego ich rozwijania. Uczniowie b\u0119d\u0105 mogli kontynuowa\u0107 rozpocz\u0119te projekty, tworzy\u0107 nowe, a nauczyciele wykorzystywa\u0107 poznane techniki na sprz\u0119cie, kt\u00f3rym ju\u017c teraz w szkole dysponujemy. \ud83d\ude42<br \/>\n<\/span><\/p>\nngg_shortcode_0_placeholder\n<p>&nbsp;<\/p>\n<p>&nbsp;<\/p>\n","protected":false},"excerpt":{"rendered":"<p>Laboratoria Przysz\u0142o\u015bci to program przygotowany przez Ministerstwo Edukacji i Nauki we wsp\u00f3\u0142pracy z Centrum GovTech. Jego celem jest wzrost kompetencji technicznych i interdyscyplinarnych w\u015br\u00f3d uczni\u00f3w. [&hellip;]<\/p>\n","protected":false},"author":3,"featured_media":8392,"comment_status":"closed","ping_status":"closed","sticky":false,"template":"","format":"standard","meta":{"ngg_post_thumbnail":0,"footnotes":""},"categories":[4],"tags":[],"class_list":["post-8391","post","type-post","status-publish","format-standard","has-post-thumbnail","hentry","category-aktualnosci"],"_links":{"self":[{"href":"https:\/\/www.sp11.gliwice.pl\/index.php?rest_route=\/wp\/v2\/posts\/8391","targetHints":{"allow":["GET"]}}],"collection":[{"href":"https:\/\/www.sp11.gliwice.pl\/index.php?rest_route=\/wp\/v2\/posts"}],"about":[{"href":"https:\/\/www.sp11.gliwice.pl\/index.php?rest_route=\/wp\/v2\/types\/post"}],"author":[{"embeddable":true,"href":"https:\/\/www.sp11.gliwice.pl\/index.php?rest_route=\/wp\/v2\/users\/3"}],"replies":[{"embeddable":true,"href":"https:\/\/www.sp11.gliwice.pl\/index.php?rest_route=%2Fwp%2Fv2%2Fcomments&post=8391"}],"version-history":[{"count":1,"href":"https:\/\/www.sp11.gliwice.pl\/index.php?rest_route=\/wp\/v2\/posts\/8391\/revisions"}],"predecessor-version":[{"id":8393,"href":"https:\/\/www.sp11.gliwice.pl\/index.php?rest_route=\/wp\/v2\/posts\/8391\/revisions\/8393"}],"wp:featuredmedia":[{"embeddable":true,"href":"https:\/\/www.sp11.gliwice.pl\/index.php?rest_route=\/wp\/v2\/media\/8392"}],"wp:attachment":[{"href":"https:\/\/www.sp11.gliwice.pl\/index.php?rest_route=%2Fwp%2Fv2%2Fmedia&parent=8391"}],"wp:term":[{"taxonomy":"category","embeddable":true,"href":"https:\/\/www.sp11.gliwice.pl\/index.php?rest_route=%2Fwp%2Fv2%2Fcategories&post=8391"},{"taxonomy":"post_tag","embeddable":true,"href":"https:\/\/www.sp11.gliwice.pl\/index.php?rest_route=%2Fwp%2Fv2%2Ftags&post=8391"}],"curies":[{"name":"wp","href":"https:\/\/api.w.org\/{rel}","templated":true}]}}