{"id":8215,"date":"2023-04-06T08:58:58","date_gmt":"2023-04-06T06:58:58","guid":{"rendered":"https:\/\/www.sp11.gliwice.pl\/?p=8215"},"modified":"2023-04-06T08:58:58","modified_gmt":"2023-04-06T06:58:58","slug":"wielkanoc-w-przedszkolu","status":"publish","type":"post","link":"https:\/\/www.sp11.gliwice.pl\/?p=8215","title":{"rendered":"Wielkanoc w przedszkolu :)"},"content":{"rendered":"<div dir=\"auto\">\n<div dir=\"auto\"><span style=\"color: #000000;\">&#8222;P\u0142yn\u0105 ju\u017c po niebie<\/span><\/div>\n<div dir=\"auto\"><span style=\"color: #000000;\">bielutkie baranki,<\/span><\/div>\n<div dir=\"auto\"><span style=\"color: #000000;\">maluj\u0119 dla bliskich<\/span><\/div>\n<div dir=\"auto\"><span style=\"color: #000000;\">weso\u0142e pisanki&#8221;.&nbsp;<\/span><\/div>\n<div dir=\"auto\"><span style=\"color: #000000;\">Z okazji \u015awi\u0105t Wielkanocnych, dzieci z przedszkola wzi\u0119\u0142y udzia\u0142 w uroczystym \u015bniadaniu wielkanocnym. Na stole pojawi\u0142y si\u0119 jajka, bia\u0142ka kie\u0142baska, rze\u017cucha a nawet babka \ud83d\ude0a. Dzieci spo\u017cy\u0142y posi\u0142ek w radosnej, \u015bwi\u0105tecznej atmosferze. Po \u015bniadaniu odby\u0142o si\u0119 szukanie jajeczek, kt\u00f3re schowa\u0142 zaj\u0105czek. \ud83d\udc30<\/span><\/div>\n<div dir=\"auto\" style=\"text-align: right;\"><em>mgr Magdalena Ga\u0142a<\/em><\/div>\n<div dir=\"auto\">ngg_shortcode_0_placeholder<\/div>\n<\/div>\n","protected":false},"excerpt":{"rendered":"<p>&#8222;P\u0142yn\u0105 ju\u017c po niebie bielutkie baranki, maluj\u0119 dla bliskich weso\u0142e pisanki&#8221;.&nbsp; Z okazji \u015awi\u0105t Wielkanocnych, dzieci z przedszkola wzi\u0119\u0142y udzia\u0142 w uroczystym \u015bniadaniu wielkanocnym. Na [&hellip;]<\/p>\n","protected":false},"author":3,"featured_media":8251,"comment_status":"closed","ping_status":"closed","sticky":false,"template":"","format":"standard","meta":{"ngg_post_thumbnail":0,"footnotes":""},"categories":[4],"tags":[],"class_list":["post-8215","post","type-post","status-publish","format-standard","has-post-thumbnail","hentry","category-aktualnosci"],"_links":{"self":[{"href":"https:\/\/www.sp11.gliwice.pl\/index.php?rest_route=\/wp\/v2\/posts\/8215","targetHints":{"allow":["GET"]}}],"collection":[{"href":"https:\/\/www.sp11.gliwice.pl\/index.php?rest_route=\/wp\/v2\/posts"}],"about":[{"href":"https:\/\/www.sp11.gliwice.pl\/index.php?rest_route=\/wp\/v2\/types\/post"}],"author":[{"embeddable":true,"href":"https:\/\/www.sp11.gliwice.pl\/index.php?rest_route=\/wp\/v2\/users\/3"}],"replies":[{"embeddable":true,"href":"https:\/\/www.sp11.gliwice.pl\/index.php?rest_route=%2Fwp%2Fv2%2Fcomments&post=8215"}],"version-history":[{"count":1,"href":"https:\/\/www.sp11.gliwice.pl\/index.php?rest_route=\/wp\/v2\/posts\/8215\/revisions"}],"predecessor-version":[{"id":8252,"href":"https:\/\/www.sp11.gliwice.pl\/index.php?rest_route=\/wp\/v2\/posts\/8215\/revisions\/8252"}],"wp:featuredmedia":[{"embeddable":true,"href":"https:\/\/www.sp11.gliwice.pl\/index.php?rest_route=\/wp\/v2\/media\/8251"}],"wp:attachment":[{"href":"https:\/\/www.sp11.gliwice.pl\/index.php?rest_route=%2Fwp%2Fv2%2Fmedia&parent=8215"}],"wp:term":[{"taxonomy":"category","embeddable":true,"href":"https:\/\/www.sp11.gliwice.pl\/index.php?rest_route=%2Fwp%2Fv2%2Fcategories&post=8215"},{"taxonomy":"post_tag","embeddable":true,"href":"https:\/\/www.sp11.gliwice.pl\/index.php?rest_route=%2Fwp%2Fv2%2Ftags&post=8215"}],"curies":[{"name":"wp","href":"https:\/\/api.w.org\/{rel}","templated":true}]}}