{"id":8212,"date":"2023-04-05T14:00:46","date_gmt":"2023-04-05T12:00:46","guid":{"rendered":"https:\/\/www.sp11.gliwice.pl\/?p=8212"},"modified":"2023-04-05T14:00:46","modified_gmt":"2023-04-05T12:00:46","slug":"dzien-marchewki-w-przedszkolu","status":"publish","type":"post","link":"https:\/\/www.sp11.gliwice.pl\/?p=8212","title":{"rendered":"Dzie\u0144 Marchewki w przedszkolu :)"},"content":{"rendered":"<p><span style=\"color: #ff6600;\">4 kwietnia obchodzili\u015bmy w naszym przedszkolu Dzie\u0144 Marchewki.&nbsp;<\/span><\/p>\n<p><span style=\"color: #ff6600;\">Tego dnia wszystkie dzieci przysz\u0142y do przedszkola ubrane w marchewkowe kolory. Dzi\u0119ki prezentacji multimedialnej przedszkolaki dowiedzia\u0142y si\u0119, jakie warto\u015bci od\u017cywcze posiada marchew i dlaczego nale\u017cy j\u0105 je\u015b\u0107 w ka\u017cdej postaci.&nbsp;&nbsp;&nbsp;&nbsp;&nbsp;&nbsp;&nbsp;<\/span><\/p>\n<p><span style=\"color: #ff6600;\">Jak przysta\u0142o na Dzie\u0144 Marchewki, by\u0142y tak\u017ce zabawy, ta\u0144ce i pl\u0105sy.<\/span><\/p>\n<p><span style=\"color: #ff6600;\">&nbsp;&nbsp;&nbsp;&nbsp; Przy piosence \u201eUrodziny Marchewki\u201d dzieci rozwija\u0142y swoje talenty taneczne oraz muzyczne.<\/span><\/p>\n<p><span style=\"color: #ff6600;\">&nbsp;&nbsp;&nbsp;&nbsp;&nbsp; Ka\u017cda grupa wykona\u0142a prac\u0119 plastyczn\u0105 zwi\u0105zan\u0105 tematycznie z marchewk\u0105. Ten dzie\u0144 by\u0142 wyj\u0105tkowy, zdrowy, witaminowy i marchewkowy. Wszyscy \u015bwietnie si\u0119 bawili i marchewk\u0119 polubili!!!!<\/span><\/p>\n<p style=\"text-align: right;\"><em>mgr Cecylia Pierzcha\u0142a<\/em><\/p>\nngg_shortcode_0_placeholder\n","protected":false},"excerpt":{"rendered":"<p>4 kwietnia obchodzili\u015bmy w naszym przedszkolu Dzie\u0144 Marchewki.&nbsp; Tego dnia wszystkie dzieci przysz\u0142y do przedszkola ubrane w marchewkowe kolory. Dzi\u0119ki prezentacji multimedialnej przedszkolaki dowiedzia\u0142y si\u0119, [&hellip;]<\/p>\n","protected":false},"author":3,"featured_media":8213,"comment_status":"closed","ping_status":"closed","sticky":false,"template":"","format":"standard","meta":{"ngg_post_thumbnail":0,"footnotes":""},"categories":[4],"tags":[],"class_list":["post-8212","post","type-post","status-publish","format-standard","has-post-thumbnail","hentry","category-aktualnosci"],"_links":{"self":[{"href":"https:\/\/www.sp11.gliwice.pl\/index.php?rest_route=\/wp\/v2\/posts\/8212","targetHints":{"allow":["GET"]}}],"collection":[{"href":"https:\/\/www.sp11.gliwice.pl\/index.php?rest_route=\/wp\/v2\/posts"}],"about":[{"href":"https:\/\/www.sp11.gliwice.pl\/index.php?rest_route=\/wp\/v2\/types\/post"}],"author":[{"embeddable":true,"href":"https:\/\/www.sp11.gliwice.pl\/index.php?rest_route=\/wp\/v2\/users\/3"}],"replies":[{"embeddable":true,"href":"https:\/\/www.sp11.gliwice.pl\/index.php?rest_route=%2Fwp%2Fv2%2Fcomments&post=8212"}],"version-history":[{"count":1,"href":"https:\/\/www.sp11.gliwice.pl\/index.php?rest_route=\/wp\/v2\/posts\/8212\/revisions"}],"predecessor-version":[{"id":8214,"href":"https:\/\/www.sp11.gliwice.pl\/index.php?rest_route=\/wp\/v2\/posts\/8212\/revisions\/8214"}],"wp:featuredmedia":[{"embeddable":true,"href":"https:\/\/www.sp11.gliwice.pl\/index.php?rest_route=\/wp\/v2\/media\/8213"}],"wp:attachment":[{"href":"https:\/\/www.sp11.gliwice.pl\/index.php?rest_route=%2Fwp%2Fv2%2Fmedia&parent=8212"}],"wp:term":[{"taxonomy":"category","embeddable":true,"href":"https:\/\/www.sp11.gliwice.pl\/index.php?rest_route=%2Fwp%2Fv2%2Fcategories&post=8212"},{"taxonomy":"post_tag","embeddable":true,"href":"https:\/\/www.sp11.gliwice.pl\/index.php?rest_route=%2Fwp%2Fv2%2Ftags&post=8212"}],"curies":[{"name":"wp","href":"https:\/\/api.w.org\/{rel}","templated":true}]}}