{"id":8196,"date":"2023-04-05T12:18:37","date_gmt":"2023-04-05T10:18:37","guid":{"rendered":"https:\/\/www.sp11.gliwice.pl\/?p=8196"},"modified":"2023-04-05T12:18:37","modified_gmt":"2023-04-05T10:18:37","slug":"wyniki-konkursu-easter-lapbook","status":"publish","type":"post","link":"https:\/\/www.sp11.gliwice.pl\/?p=8196","title":{"rendered":"Wyniki konkursu &#8222;Easter Lapbook&#8221;"},"content":{"rendered":"<p>&nbsp;<span style=\"color: #000000;\">W naszej szkole odby\u0142 si\u0119 konkurs j\u0119zykowo &#8211; plastyczny <strong>\u201eEASTER LAPBOOK\u201d&nbsp;<\/strong>dla uczni\u00f3w klas I-VI.<\/span><\/p>\n<p><span style=\"color: #000000;\">Zadaniem uczestnik\u00f3w konkursu by\u0142o wykonanie lapbooka ze s\u0142ownictwem o tematyce \u015awi\u0105t Wielkanocnych obchodzonych w Polsce i\/lub Wielkiej Brytanii i\/lub Niemczech.<\/span><\/p>\n<p><span style=\"color: #000000;\">Przy ocenie prac pod uwag\u0119 brane by\u0142y 3 kryteria:<\/span><\/p>\n<ul>\n<li><span style=\"color: #000000;\">poprawno\u015b\u0107 j\u0119zyka angielskiego i niemieckiego,<\/span><\/li>\n<li><span style=\"color: #000000;\">zgodno\u015b\u0107 z tematyk\u0105,<\/span><\/li>\n<li><span style=\"color: #000000;\">estetyka i oryginalno\u015b\u0107.<\/span><\/li>\n<\/ul>\n<p><span style=\"color: #000000;\">Uczniowie wykazali si\u0119 ogromn\u0105 kreatywno\u015bci\u0105 i pomys\u0142owo\u015bci\u0105.<\/span><\/p>\n<p><span style=\"color: #000000;\">Jury przyzna\u0142o nast\u0119puj\u0105ce nagrody:<\/span><\/p>\n<p><span style=\"color: #000000;\"><strong>W kategorii klas I \u2013 III:<\/strong><\/span><\/p>\n<p><span style=\"color: #000000;\">I miejsce \u2013 Pola Wo\u0142oszyn<\/span><\/p>\n<p><span style=\"color: #000000;\">II miejsce \u2013 Aleksandra Zimnicka<\/span><\/p>\n<p><span style=\"color: #000000;\">oraz miejsce III \u2013 Aleksandra Stachacz<\/span><\/p>\n<p><span style=\"color: #000000;\">wyr\u00f3\u017cnienie: Kaja Straszak<\/span><\/p>\n<p><span style=\"color: #000000;\"><strong>W kategorii klas IV -VI:<\/strong><\/span><\/p>\n<p><span style=\"color: #000000;\">I miejsce \u2013 Julia Straszak<\/span><\/p>\n<p><span style=\"color: #000000;\">II miejsce \u2013 Zuzanna Pyka<\/span><\/p>\n<p><span style=\"color: #000000;\">III miejsce \u2013 Dawid Lech<\/span><\/p>\n<p><span style=\"color: #000000;\">wyr\u00f3\u017cnienie: Hanna Szewczyk<\/span><\/p>\n<p>&nbsp;<\/p>\n<h1>Congratulations!<\/h1>\n<p><strong>Gl\u00fcckwunsch!<\/strong><\/p>\n<p><strong>Gratulacje!<\/strong><\/p>\n<p><strong>&nbsp;<\/strong><\/p>\n<p style=\"text-align: right;\"><em>mgr Alicja Cielesta<\/em><br \/>\n<em>mgr Magdalena Kubiczek<\/em><\/p>\nngg_shortcode_0_placeholder\n","protected":false},"excerpt":{"rendered":"<p>&nbsp;W naszej szkole odby\u0142 si\u0119 konkurs j\u0119zykowo &#8211; plastyczny \u201eEASTER LAPBOOK\u201d&nbsp;dla uczni\u00f3w klas I-VI. Zadaniem uczestnik\u00f3w konkursu by\u0142o wykonanie lapbooka ze s\u0142ownictwem o tematyce \u015awi\u0105t [&hellip;]<\/p>\n","protected":false},"author":3,"featured_media":8197,"comment_status":"closed","ping_status":"closed","sticky":false,"template":"","format":"standard","meta":{"ngg_post_thumbnail":0,"footnotes":""},"categories":[4],"tags":[],"class_list":["post-8196","post","type-post","status-publish","format-standard","has-post-thumbnail","hentry","category-aktualnosci"],"_links":{"self":[{"href":"https:\/\/www.sp11.gliwice.pl\/index.php?rest_route=\/wp\/v2\/posts\/8196","targetHints":{"allow":["GET"]}}],"collection":[{"href":"https:\/\/www.sp11.gliwice.pl\/index.php?rest_route=\/wp\/v2\/posts"}],"about":[{"href":"https:\/\/www.sp11.gliwice.pl\/index.php?rest_route=\/wp\/v2\/types\/post"}],"author":[{"embeddable":true,"href":"https:\/\/www.sp11.gliwice.pl\/index.php?rest_route=\/wp\/v2\/users\/3"}],"replies":[{"embeddable":true,"href":"https:\/\/www.sp11.gliwice.pl\/index.php?rest_route=%2Fwp%2Fv2%2Fcomments&post=8196"}],"version-history":[{"count":1,"href":"https:\/\/www.sp11.gliwice.pl\/index.php?rest_route=\/wp\/v2\/posts\/8196\/revisions"}],"predecessor-version":[{"id":8198,"href":"https:\/\/www.sp11.gliwice.pl\/index.php?rest_route=\/wp\/v2\/posts\/8196\/revisions\/8198"}],"wp:featuredmedia":[{"embeddable":true,"href":"https:\/\/www.sp11.gliwice.pl\/index.php?rest_route=\/wp\/v2\/media\/8197"}],"wp:attachment":[{"href":"https:\/\/www.sp11.gliwice.pl\/index.php?rest_route=%2Fwp%2Fv2%2Fmedia&parent=8196"}],"wp:term":[{"taxonomy":"category","embeddable":true,"href":"https:\/\/www.sp11.gliwice.pl\/index.php?rest_route=%2Fwp%2Fv2%2Fcategories&post=8196"},{"taxonomy":"post_tag","embeddable":true,"href":"https:\/\/www.sp11.gliwice.pl\/index.php?rest_route=%2Fwp%2Fv2%2Ftags&post=8196"}],"curies":[{"name":"wp","href":"https:\/\/api.w.org\/{rel}","templated":true}]}}