{"id":8146,"date":"2023-04-03T20:27:16","date_gmt":"2023-04-03T18:27:16","guid":{"rendered":"https:\/\/www.sp11.gliwice.pl\/?p=8146"},"modified":"2023-04-03T20:27:16","modified_gmt":"2023-04-03T18:27:16","slug":"konkurs-recytatorski-klas-1-3","status":"publish","type":"post","link":"https:\/\/www.sp11.gliwice.pl\/?p=8146","title":{"rendered":"Konkurs recytatorski klas 1-3"},"content":{"rendered":"<p><span style=\"color: #000000;\">29 marca 2023r. w naszej szkole odby\u0142 si\u0119 Szkolny Konkurs Recytatorski dla klas I-III pod has\u0142em \u201eCztery pory roku w poezji\u201d.<br \/>\n<\/span><span style=\"color: #000000;\">14 uczestnik\u00f3w zaprezentowa\u0142o swoje niebywa\u0142e umiej\u0119tno\u015bci: doskona\u0142\u0105 pami\u0119\u0107, wzorow\u0105 intonacj\u0119 oraz interpretacj\u0119 utworu. Cieszy fakt, \u017ce uczniowie naszej szko\u0142y interesuj\u0105 si\u0119 poezj\u0105 i lubi\u0105 wiersze<\/span><\/p>\n<p><span style=\"color: #000000;\"><strong><span style=\"color: #008000;\"><u>Jury w sk\u0142adzie:<\/u><\/span><br \/>\n<\/strong>&nbsp;pani wicedyrektor Beata Bodnar,<br \/>\n<\/span><span style=\"color: #000000;\">&nbsp;przedstawiciel Rady Rodzic\u00f3w pani Katarzyna Grodzka,<br \/>\n<\/span><span style=\"color: #000000;\">&nbsp;pani Izabella Jureczko oraz pani Gra\u017cyna Szel\u0105g wy\u0142oni\u0142o zwyci\u0119zc\u00f3w:<\/span><\/p>\n<p><span style=\"color: #800000;\"><strong>I miejsce \u2013 Aleksandra M\u0142odawska kl. 1b, Hanna Lemczak kl.2a<\/strong><strong><br \/>\nII miejsce \u2013 Kaja Straszak kl.1b, Zofia&nbsp; P\u0142oszczyca kl.2a<br \/>\nIII miejsce \u2013 Magdalena Miarecka kl.1a, Kaja Zdeb kl.3a<\/strong><\/span><\/p>\n<p><span style=\"color: #000080;\"><strong>Wyr\u00f3\u017cnienie: Aleksandra Zimnicka kl.2a<\/strong><\/span><\/p>\n<p><span style=\"color: #000000;\"><strong>Wyb\u00f3r laureat\u00f3w by\u0142 nie\u0142atwy, poniewa\u017c wszyscy uczestnicy prezentowali wysoki poziom. <\/strong><\/span><\/p>\n<p><span style=\"color: #000000;\">Dzi\u0119kujemy za udzia\u0142 w konkursie, a zwyci\u0119zcom sk\u0142adamy gratulacje \ud83d\ude42<\/span><\/p>\n<p style=\"text-align: right;\"><em>mgr Anna Szaradowska<\/em><br \/>\n<em>mgr Celina Trzeszkowska<\/em><\/p>\nngg_shortcode_0_placeholder\n","protected":false},"excerpt":{"rendered":"<p>29 marca 2023r. w naszej szkole odby\u0142 si\u0119 Szkolny Konkurs Recytatorski dla klas I-III pod has\u0142em \u201eCztery pory roku w poezji\u201d. 14 uczestnik\u00f3w zaprezentowa\u0142o swoje [&hellip;]<\/p>\n","protected":false},"author":3,"featured_media":8147,"comment_status":"closed","ping_status":"closed","sticky":false,"template":"","format":"standard","meta":{"ngg_post_thumbnail":0,"footnotes":""},"categories":[4],"tags":[],"class_list":["post-8146","post","type-post","status-publish","format-standard","has-post-thumbnail","hentry","category-aktualnosci"],"_links":{"self":[{"href":"https:\/\/www.sp11.gliwice.pl\/index.php?rest_route=\/wp\/v2\/posts\/8146","targetHints":{"allow":["GET"]}}],"collection":[{"href":"https:\/\/www.sp11.gliwice.pl\/index.php?rest_route=\/wp\/v2\/posts"}],"about":[{"href":"https:\/\/www.sp11.gliwice.pl\/index.php?rest_route=\/wp\/v2\/types\/post"}],"author":[{"embeddable":true,"href":"https:\/\/www.sp11.gliwice.pl\/index.php?rest_route=\/wp\/v2\/users\/3"}],"replies":[{"embeddable":true,"href":"https:\/\/www.sp11.gliwice.pl\/index.php?rest_route=%2Fwp%2Fv2%2Fcomments&post=8146"}],"version-history":[{"count":1,"href":"https:\/\/www.sp11.gliwice.pl\/index.php?rest_route=\/wp\/v2\/posts\/8146\/revisions"}],"predecessor-version":[{"id":8148,"href":"https:\/\/www.sp11.gliwice.pl\/index.php?rest_route=\/wp\/v2\/posts\/8146\/revisions\/8148"}],"wp:featuredmedia":[{"embeddable":true,"href":"https:\/\/www.sp11.gliwice.pl\/index.php?rest_route=\/wp\/v2\/media\/8147"}],"wp:attachment":[{"href":"https:\/\/www.sp11.gliwice.pl\/index.php?rest_route=%2Fwp%2Fv2%2Fmedia&parent=8146"}],"wp:term":[{"taxonomy":"category","embeddable":true,"href":"https:\/\/www.sp11.gliwice.pl\/index.php?rest_route=%2Fwp%2Fv2%2Fcategories&post=8146"},{"taxonomy":"post_tag","embeddable":true,"href":"https:\/\/www.sp11.gliwice.pl\/index.php?rest_route=%2Fwp%2Fv2%2Ftags&post=8146"}],"curies":[{"name":"wp","href":"https:\/\/api.w.org\/{rel}","templated":true}]}}