{"id":8113,"date":"2023-04-02T17:43:28","date_gmt":"2023-04-02T15:43:28","guid":{"rendered":"https:\/\/www.sp11.gliwice.pl\/?p=8113"},"modified":"2023-04-02T17:43:28","modified_gmt":"2023-04-02T15:43:28","slug":"swiatowy-dzien-swiadomosci-autyzmu-2","status":"publish","type":"post","link":"https:\/\/www.sp11.gliwice.pl\/?p=8113","title":{"rendered":"\u015awiatowy Dzie\u0144 \u015awiadomo\u015bci Autyzmu"},"content":{"rendered":"<p><span style=\"color: #000000;\"><strong>2 kwietnia<\/strong> na ca\u0142ym \u015bwiecie obchodzony jest <strong>\u015awiatowy Dzie\u0144 \u015awiadomo\u015bci Autyzmu.<\/strong> &nbsp;Dzie\u0144 ustanowiony zosta\u0142 przez przedstawicieli pa\u0144stw cz\u0142onkowskich Organizacji Narod\u00f3w Zjednoczonych 21 stycznia 2008 roku. Jego celem jest propagowanie wiedzy na temat tego zaburzenia. &nbsp;<\/span><\/p>\n<p><span style=\"color: #000000;\"><strong>A czym jest autyzm?<\/strong><\/span><\/p>\n<p><span style=\"color: #000000;\">To zaburzenie rozwojowe zwi\u0105zane z nieprawid\u0142ow\u0105 prac\u0105 m\u00f3zgu. Osoby dotkni\u0119te autyzmem maj\u0105 problemy z komunikacj\u0105, postrzeganiem \u015bwiata czy prawid\u0142owym rozumieniem relacji spo\u0142ecznych. My, jako spo\u0142ecze\u0144stwo, musimy sobie u\u015bwiadomi\u0107, i\u017c nie jest to ani lepsze, ani gorsze spojrzenie na \u015bwiat. Jest po prostu inne.<\/span><\/p>\n<p><span style=\"color: #000000;\">Symbolem solidarno\u015bci z \u201eautystami\u201d jest kolor niebieski. Jest on uznawany za najg\u0142\u0119bszy z kolor\u00f3w, rozp\u0142ywaj\u0105cy si\u0119 w niesko\u0144czono\u015bci horyzontu. Jako barwa najczystsza i najzimniejsza zarazem staje si\u0119 najbardziej odrealnion\u0105 ze wszystkich barw. Puzzle, bo \u015bwiat os\u00f3b z autyzmem jest jak gigantyczna uk\u0142adanka, taka bez podpowiedzi. Do ko\u0144ca \u017cycia b\u0119d\u0105 uk\u0142ada\u0107 poszczeg\u00f3lne elementy.<\/span><\/p>\n<p><span style=\"color: #000000;\">W Polsce na niebiesko, w poprzednich latach, za\u015bwieci\u0142y si\u0119 m.in. Pa\u0142ac Kultury i Nauki, most \u015al\u0105sko-D\u0105browski, gmach Gie\u0142dy Papier\u00f3w Warto\u015bciowych w Warszawie czy Katowicki Spodek, a w du\u017cych sieciach handlowych istniej\u0105 tak zwane \u201eCiche godziny\u201d<\/span><\/p>\n<p><span style=\"color: #000000;\">Klasa V zosta\u0142a zapoznawana z poj\u0119ciem autyzmu poprzez prezentacj\u0119 multimedialn\u0105 oraz pogadank\u0119. &nbsp;Uczniowie tej klasy, chc\u0105c wyrazi\u0107 swoj\u0105 solidarno\u015b\u0107 z osobami z autyzmem, przygotowali wsp\u00f3lny plakat \u2013 pouk\u0142adany z porozcinanych kawa\u0142k\u00f3w, kt\u00f3re tworz\u0105 jedn\u0105 ca\u0142o\u015b\u0107. Chcemy tworzy\u0107 pozytywne relacje ze wszystkimi oraz \u015bwiat, w kt\u00f3rym b\u0119dzie miejsce dla ka\u017cdego. \u201eInny\u201d nie znaczy gorszy, a najwa\u017cniejszymi warto\u015bciami jest otwarto\u015b\u0107 i wra\u017cliwo\u015b\u0107 na potrzebny innych.<\/span><\/p>\n<p><span style=\"color: #000000;\"><strong>Bo przecie\u017c ka\u017cdy z nas jest inny, lecz wszyscy s\u0105 wa\u017cni.<\/strong><\/span><\/p>\n<p><span style=\"color: #000000;\">Wi\u0119cej ciekawych i rzetelnych informacji na temat autyzmu mo\u017cna znale\u017a\u0107 na gazetce \u015bciennej wykonanej przez Pani\u0105 Agnieszk\u0119 Zwoli\u0144sk\u0105, kt\u00f3ra znajduje si\u0119 przy wej\u015bciu do szko\u0142y.<\/span><\/p>\n<p style=\"text-align: right;\"><em>mgr Alicja Cielesta<\/em><\/p>\nngg_shortcode_0_placeholder\n","protected":false},"excerpt":{"rendered":"<p>2 kwietnia na ca\u0142ym \u015bwiecie obchodzony jest \u015awiatowy Dzie\u0144 \u015awiadomo\u015bci Autyzmu. &nbsp;Dzie\u0144 ustanowiony zosta\u0142 przez przedstawicieli pa\u0144stw cz\u0142onkowskich Organizacji Narod\u00f3w Zjednoczonych 21 stycznia 2008 roku. [&hellip;]<\/p>\n","protected":false},"author":3,"featured_media":8114,"comment_status":"closed","ping_status":"closed","sticky":false,"template":"","format":"standard","meta":{"ngg_post_thumbnail":0,"footnotes":""},"categories":[4],"tags":[],"class_list":["post-8113","post","type-post","status-publish","format-standard","has-post-thumbnail","hentry","category-aktualnosci"],"_links":{"self":[{"href":"https:\/\/www.sp11.gliwice.pl\/index.php?rest_route=\/wp\/v2\/posts\/8113","targetHints":{"allow":["GET"]}}],"collection":[{"href":"https:\/\/www.sp11.gliwice.pl\/index.php?rest_route=\/wp\/v2\/posts"}],"about":[{"href":"https:\/\/www.sp11.gliwice.pl\/index.php?rest_route=\/wp\/v2\/types\/post"}],"author":[{"embeddable":true,"href":"https:\/\/www.sp11.gliwice.pl\/index.php?rest_route=\/wp\/v2\/users\/3"}],"replies":[{"embeddable":true,"href":"https:\/\/www.sp11.gliwice.pl\/index.php?rest_route=%2Fwp%2Fv2%2Fcomments&post=8113"}],"version-history":[{"count":1,"href":"https:\/\/www.sp11.gliwice.pl\/index.php?rest_route=\/wp\/v2\/posts\/8113\/revisions"}],"predecessor-version":[{"id":8115,"href":"https:\/\/www.sp11.gliwice.pl\/index.php?rest_route=\/wp\/v2\/posts\/8113\/revisions\/8115"}],"wp:featuredmedia":[{"embeddable":true,"href":"https:\/\/www.sp11.gliwice.pl\/index.php?rest_route=\/wp\/v2\/media\/8114"}],"wp:attachment":[{"href":"https:\/\/www.sp11.gliwice.pl\/index.php?rest_route=%2Fwp%2Fv2%2Fmedia&parent=8113"}],"wp:term":[{"taxonomy":"category","embeddable":true,"href":"https:\/\/www.sp11.gliwice.pl\/index.php?rest_route=%2Fwp%2Fv2%2Fcategories&post=8113"},{"taxonomy":"post_tag","embeddable":true,"href":"https:\/\/www.sp11.gliwice.pl\/index.php?rest_route=%2Fwp%2Fv2%2Ftags&post=8113"}],"curies":[{"name":"wp","href":"https:\/\/api.w.org\/{rel}","templated":true}]}}