{"id":8001,"date":"2023-03-28T12:47:22","date_gmt":"2023-03-28T10:47:22","guid":{"rendered":"https:\/\/www.sp11.gliwice.pl\/?p=8001"},"modified":"2023-03-28T12:47:22","modified_gmt":"2023-03-28T10:47:22","slug":"wojna-w-ukrainie-oczami-dziennikarza-i-ratownika-medycznego","status":"publish","type":"post","link":"https:\/\/www.sp11.gliwice.pl\/?p=8001","title":{"rendered":"Wojna w Ukrainie oczami dziennikarza i ratownika medycznego&#8230;"},"content":{"rendered":"<p><span style=\"color: #000000;\">Dzisiaj mija 398 dzie\u0144 wojny w Ukrainie. Wszyscy powoli si\u0119 do tego przyzwyczajamy. Od strony &#8222;ludzkiej&#8221; wojna zawsze wygl\u0105da\u0142a inaczej, ni\u017c opisuj\u0105 ja politycy, analitycy, czy przedstawiciele mi\u0119dzynarodowych organizacji. W wielu miejscowo\u015bciach w Ukrainie wojna oznacza egzystencj\u0119 w cz\u0119\u015bciowo zburzonych domach, zbombardowanych blokach, gro\u017c\u0105cych w ka\u017cdej chwili zawaleniem bez pr\u0105du, gazu, wody czy pomocy medycznej. <\/span><\/p>\n<p><span style=\"color: #000000;\">Na terenach ogarni\u0119tych konfliktem trwa codzienna walka o \u017cycie (\u017ceby si\u0119 o tym przekona\u0107, wystarczy si\u0119gn\u0105\u0107 po relacje reporter\u00f3w czy mi\u0119dzynarodowych organizacji nios\u0105cych pomoc humanitarn\u0105).<\/span><\/p>\n<p><span style=\"color: #000000;\">Dzisiaj uczniowie klasy 8 oraz szkolne Ko\u0142o Wolontariatu spotkali si\u0119 z dziennikarzem i jednocze\u015bnie ratownikiem medycznym Panem <strong>Jackiem Skorkiem<\/strong>, kt\u00f3ry opowiedzia\u0142 o swoich do\u015bwiadczeniach zwi\u0105zanych z pobytem w ogarni\u0119tej wojn\u0105 Ukrainie. Pokaza\u0142 uczniom zdj\u0119cia oraz filmy, kt\u00f3re obrazowa\u0142y sytuacj\u0119 ludzi zamieszkuj\u0105cych tereny ogarni\u0119te wojn\u0105. <\/span><\/p>\n<p><span style=\"color: #000000;\">Dzi\u0119kujemy za spotkanie, kt\u00f3re unaoczni\u0142o nam wszystkim jak wa\u017cna jest ludzka pomoc dla drugiego cz\u0142owieka.<\/span><\/p>\n<p style=\"text-align: right;\"><em>Dyrektor Wojciech Kijewski<\/em><\/p>\nngg_shortcode_0_placeholder\n","protected":false},"excerpt":{"rendered":"<p>Dzisiaj mija 398 dzie\u0144 wojny w Ukrainie. Wszyscy powoli si\u0119 do tego przyzwyczajamy. Od strony &#8222;ludzkiej&#8221; wojna zawsze wygl\u0105da\u0142a inaczej, ni\u017c opisuj\u0105 ja politycy, analitycy, [&hellip;]<\/p>\n","protected":false},"author":3,"featured_media":8003,"comment_status":"closed","ping_status":"closed","sticky":false,"template":"","format":"standard","meta":{"ngg_post_thumbnail":0,"footnotes":""},"categories":[4],"tags":[],"class_list":["post-8001","post","type-post","status-publish","format-standard","has-post-thumbnail","hentry","category-aktualnosci"],"_links":{"self":[{"href":"https:\/\/www.sp11.gliwice.pl\/index.php?rest_route=\/wp\/v2\/posts\/8001","targetHints":{"allow":["GET"]}}],"collection":[{"href":"https:\/\/www.sp11.gliwice.pl\/index.php?rest_route=\/wp\/v2\/posts"}],"about":[{"href":"https:\/\/www.sp11.gliwice.pl\/index.php?rest_route=\/wp\/v2\/types\/post"}],"author":[{"embeddable":true,"href":"https:\/\/www.sp11.gliwice.pl\/index.php?rest_route=\/wp\/v2\/users\/3"}],"replies":[{"embeddable":true,"href":"https:\/\/www.sp11.gliwice.pl\/index.php?rest_route=%2Fwp%2Fv2%2Fcomments&post=8001"}],"version-history":[{"count":1,"href":"https:\/\/www.sp11.gliwice.pl\/index.php?rest_route=\/wp\/v2\/posts\/8001\/revisions"}],"predecessor-version":[{"id":8004,"href":"https:\/\/www.sp11.gliwice.pl\/index.php?rest_route=\/wp\/v2\/posts\/8001\/revisions\/8004"}],"wp:featuredmedia":[{"embeddable":true,"href":"https:\/\/www.sp11.gliwice.pl\/index.php?rest_route=\/wp\/v2\/media\/8003"}],"wp:attachment":[{"href":"https:\/\/www.sp11.gliwice.pl\/index.php?rest_route=%2Fwp%2Fv2%2Fmedia&parent=8001"}],"wp:term":[{"taxonomy":"category","embeddable":true,"href":"https:\/\/www.sp11.gliwice.pl\/index.php?rest_route=%2Fwp%2Fv2%2Fcategories&post=8001"},{"taxonomy":"post_tag","embeddable":true,"href":"https:\/\/www.sp11.gliwice.pl\/index.php?rest_route=%2Fwp%2Fv2%2Ftags&post=8001"}],"curies":[{"name":"wp","href":"https:\/\/api.w.org\/{rel}","templated":true}]}}