{"id":7915,"date":"2023-03-25T11:43:42","date_gmt":"2023-03-25T10:43:42","guid":{"rendered":"https:\/\/www.sp11.gliwice.pl\/?p=7915"},"modified":"2023-03-25T11:44:08","modified_gmt":"2023-03-25T10:44:08","slug":"7915","status":"publish","type":"post","link":"https:\/\/www.sp11.gliwice.pl\/?p=7915","title":{"rendered":"Teatr Lalek w przedszkolu :)"},"content":{"rendered":"<p><span style=\"color: #000000;\">Z okazji zbli\u017caj\u0105cego si\u0119 Dnia Teatru do naszego przedszkola zawita\u0142 Teatr Lalek, kt\u00f3ry zaprezentowa\u0142 bajk\u0119 pt. &#8222;Wielkie sprawy ma\u0142ej \u017caby&#8221;. Kolorowa oprawa, kukie\u0142ki i muzyka zainteresowa\u0142y dzieci. Przedszkolaki z zaciekawieniem \u015bledzi\u0142y histori\u0119 ma\u0142ej \u017caby i pozosta\u0142ych bohater\u00f3w. Bajka mia\u0142a na celu kszta\u0142towa\u0107 odpowiedni stosunek do przyrody, ekologii, a tak\u017ce uczy\u0142a \u017cycia w przyja\u017ani i tolerancji.<\/span><\/p>\n<p style=\"text-align: right;\"><em>mgr Natalia Jarocka<\/em><\/p>\nngg_shortcode_0_placeholder\n","protected":false},"excerpt":{"rendered":"<p>Z okazji zbli\u017caj\u0105cego si\u0119 Dnia Teatru do naszego przedszkola zawita\u0142 Teatr Lalek, kt\u00f3ry zaprezentowa\u0142 bajk\u0119 pt. &#8222;Wielkie sprawy ma\u0142ej \u017caby&#8221;. Kolorowa oprawa, kukie\u0142ki i muzyka [&hellip;]<\/p>\n","protected":false},"author":3,"featured_media":7916,"comment_status":"closed","ping_status":"closed","sticky":false,"template":"","format":"standard","meta":{"ngg_post_thumbnail":0,"footnotes":""},"categories":[4],"tags":[],"class_list":["post-7915","post","type-post","status-publish","format-standard","has-post-thumbnail","hentry","category-aktualnosci"],"_links":{"self":[{"href":"https:\/\/www.sp11.gliwice.pl\/index.php?rest_route=\/wp\/v2\/posts\/7915","targetHints":{"allow":["GET"]}}],"collection":[{"href":"https:\/\/www.sp11.gliwice.pl\/index.php?rest_route=\/wp\/v2\/posts"}],"about":[{"href":"https:\/\/www.sp11.gliwice.pl\/index.php?rest_route=\/wp\/v2\/types\/post"}],"author":[{"embeddable":true,"href":"https:\/\/www.sp11.gliwice.pl\/index.php?rest_route=\/wp\/v2\/users\/3"}],"replies":[{"embeddable":true,"href":"https:\/\/www.sp11.gliwice.pl\/index.php?rest_route=%2Fwp%2Fv2%2Fcomments&post=7915"}],"version-history":[{"count":2,"href":"https:\/\/www.sp11.gliwice.pl\/index.php?rest_route=\/wp\/v2\/posts\/7915\/revisions"}],"predecessor-version":[{"id":7918,"href":"https:\/\/www.sp11.gliwice.pl\/index.php?rest_route=\/wp\/v2\/posts\/7915\/revisions\/7918"}],"wp:featuredmedia":[{"embeddable":true,"href":"https:\/\/www.sp11.gliwice.pl\/index.php?rest_route=\/wp\/v2\/media\/7916"}],"wp:attachment":[{"href":"https:\/\/www.sp11.gliwice.pl\/index.php?rest_route=%2Fwp%2Fv2%2Fmedia&parent=7915"}],"wp:term":[{"taxonomy":"category","embeddable":true,"href":"https:\/\/www.sp11.gliwice.pl\/index.php?rest_route=%2Fwp%2Fv2%2Fcategories&post=7915"},{"taxonomy":"post_tag","embeddable":true,"href":"https:\/\/www.sp11.gliwice.pl\/index.php?rest_route=%2Fwp%2Fv2%2Ftags&post=7915"}],"curies":[{"name":"wp","href":"https:\/\/api.w.org\/{rel}","templated":true}]}}