{"id":7897,"date":"2023-03-25T11:40:14","date_gmt":"2023-03-25T10:40:14","guid":{"rendered":"https:\/\/www.sp11.gliwice.pl\/?p=7897"},"modified":"2023-03-25T11:40:14","modified_gmt":"2023-03-25T10:40:14","slug":"wycieczka-do-palmiarni","status":"publish","type":"post","link":"https:\/\/www.sp11.gliwice.pl\/?p=7897","title":{"rendered":"Wycieczka do Palmiarni"},"content":{"rendered":"<p><span style=\"color: #003300;\">22 marca klasy 2 i 3 by\u0142y w &nbsp;gliwickiej palmiarni aby &nbsp;powita\u0107 wiosn\u0119. Uczniowie ogl\u0105dali 6 pawilon\u00f3w w kt\u00f3rych podziwiali m. in. ro\u015bliny u\u017cytkowe i egzotyczne. Z du\u017cym zainteresowaniem podziwiali tak\u017ce ogromn\u0105 ilo\u015b\u0107 kaktus\u00f3w oraz kolorowe kanarki i papugi. Jednak najwi\u0119ksz\u0105 atrakcj\u0105 by\u0142y akwaria z p\u0142aszczkami i \u017c\u00f3\u0142wiami.<\/span><\/p>\n<p><span style=\"color: #003300;\">Wszystkie dzieci wr\u00f3ci\u0142y bardzo zadowolone i ju\u017c my\u015blimy o kolejnej wycieczce\u2026.<\/span><\/p>\n<p>&nbsp;<\/p>\n<p style=\"text-align: right;\">&nbsp;&nbsp;&nbsp;&nbsp;&nbsp;&nbsp;&nbsp;&nbsp;&nbsp;&nbsp; &nbsp;&nbsp;&nbsp;&nbsp;&nbsp;&nbsp;&nbsp;&nbsp;&nbsp;&nbsp;&nbsp;&nbsp;&nbsp;&nbsp;&nbsp;&nbsp;&nbsp;&nbsp;&nbsp;&nbsp;&nbsp;&nbsp;&nbsp;&nbsp;&nbsp;&nbsp;&nbsp;&nbsp;&nbsp;&nbsp;&nbsp;&nbsp;&nbsp;&nbsp;&nbsp;&nbsp;&nbsp;&nbsp;&nbsp;&nbsp;&nbsp;&nbsp;&nbsp;&nbsp;&nbsp;&nbsp;&nbsp;&nbsp;&nbsp;&nbsp;&nbsp;&nbsp;&nbsp;&nbsp;&nbsp;&nbsp;&nbsp;&nbsp;&nbsp;&nbsp;&nbsp;&nbsp;&nbsp;&nbsp;&nbsp;<em> &nbsp;&nbsp;mgr Anna Szaradowska<br \/>\n<\/em><em>mgr Celina Trzeszkowska<\/em><\/p>\nngg_shortcode_0_placeholder\n","protected":false},"excerpt":{"rendered":"<p>22 marca klasy 2 i 3 by\u0142y w &nbsp;gliwickiej palmiarni aby &nbsp;powita\u0107 wiosn\u0119. Uczniowie ogl\u0105dali 6 pawilon\u00f3w w kt\u00f3rych podziwiali m. in. ro\u015bliny u\u017cytkowe i [&hellip;]<\/p>\n","protected":false},"author":3,"featured_media":7898,"comment_status":"closed","ping_status":"closed","sticky":false,"template":"","format":"standard","meta":{"ngg_post_thumbnail":0,"footnotes":""},"categories":[4],"tags":[],"class_list":["post-7897","post","type-post","status-publish","format-standard","has-post-thumbnail","hentry","category-aktualnosci"],"_links":{"self":[{"href":"https:\/\/www.sp11.gliwice.pl\/index.php?rest_route=\/wp\/v2\/posts\/7897","targetHints":{"allow":["GET"]}}],"collection":[{"href":"https:\/\/www.sp11.gliwice.pl\/index.php?rest_route=\/wp\/v2\/posts"}],"about":[{"href":"https:\/\/www.sp11.gliwice.pl\/index.php?rest_route=\/wp\/v2\/types\/post"}],"author":[{"embeddable":true,"href":"https:\/\/www.sp11.gliwice.pl\/index.php?rest_route=\/wp\/v2\/users\/3"}],"replies":[{"embeddable":true,"href":"https:\/\/www.sp11.gliwice.pl\/index.php?rest_route=%2Fwp%2Fv2%2Fcomments&post=7897"}],"version-history":[{"count":1,"href":"https:\/\/www.sp11.gliwice.pl\/index.php?rest_route=\/wp\/v2\/posts\/7897\/revisions"}],"predecessor-version":[{"id":7899,"href":"https:\/\/www.sp11.gliwice.pl\/index.php?rest_route=\/wp\/v2\/posts\/7897\/revisions\/7899"}],"wp:featuredmedia":[{"embeddable":true,"href":"https:\/\/www.sp11.gliwice.pl\/index.php?rest_route=\/wp\/v2\/media\/7898"}],"wp:attachment":[{"href":"https:\/\/www.sp11.gliwice.pl\/index.php?rest_route=%2Fwp%2Fv2%2Fmedia&parent=7897"}],"wp:term":[{"taxonomy":"category","embeddable":true,"href":"https:\/\/www.sp11.gliwice.pl\/index.php?rest_route=%2Fwp%2Fv2%2Fcategories&post=7897"},{"taxonomy":"post_tag","embeddable":true,"href":"https:\/\/www.sp11.gliwice.pl\/index.php?rest_route=%2Fwp%2Fv2%2Ftags&post=7897"}],"curies":[{"name":"wp","href":"https:\/\/api.w.org\/{rel}","templated":true}]}}