{"id":7882,"date":"2023-03-23T13:13:04","date_gmt":"2023-03-23T12:13:04","guid":{"rendered":"https:\/\/www.sp11.gliwice.pl\/?p=7882"},"modified":"2023-03-23T13:13:04","modified_gmt":"2023-03-23T12:13:04","slug":"swiatowy-dzien-wody","status":"publish","type":"post","link":"https:\/\/www.sp11.gliwice.pl\/?p=7882","title":{"rendered":"\u015awiatowy Dzie\u0144 Wody :)"},"content":{"rendered":"<p><span style=\"color: #000000;\">Nasze przedszkolaki obchodzi\u0142y \u015awiatowy Dzie\u0144 Wody. By\u0142o mn\u00f3stwo zabaw ruchowych, plastycznych czy sensorycznych. Najwi\u0119cej frajdy przynios\u0142y jednak eksperymenty, dzi\u0119ki kt\u00f3rym dzieci dowiedzia\u0142y si\u0119 jakie odg\u0142osy wydaje woda, jaki ma smak, kolor czy zapach, pozna\u0142y r\u00f3wnie\u017c stany skupienia wody, a tak\u017ce stara\u0142y si\u0119 powiedzie\u0107 w jaki spos\u00f3b na co dzie\u0144 powinni\u015bmy oszcz\u0119dza\u0107 wod\u0119. Takie dni jak dzisiejszy ucz\u0105 dzieci ogromnego znaczenia wody dla ludzi, zwierz\u0105t i ro\u015blin oraz przede wszystkim potrzeb\u0119 jej oszcz\u0119dzania. Na koniec ka\u017cdy przedszkolak obieca\u0142, \u017ce b\u0119dzie pami\u0119ta\u0107 o oszcz\u0119dzaniu wody. \ud83d\ude42<\/span><\/p>\n<p style=\"text-align: right;\"><em>mgr Natalia Jarocka<\/em><\/p>\nngg_shortcode_0_placeholder\n","protected":false},"excerpt":{"rendered":"<p>Nasze przedszkolaki obchodzi\u0142y \u015awiatowy Dzie\u0144 Wody. By\u0142o mn\u00f3stwo zabaw ruchowych, plastycznych czy sensorycznych. Najwi\u0119cej frajdy przynios\u0142y jednak eksperymenty, dzi\u0119ki kt\u00f3rym dzieci dowiedzia\u0142y si\u0119 jakie odg\u0142osy [&hellip;]<\/p>\n","protected":false},"author":3,"featured_media":7883,"comment_status":"closed","ping_status":"closed","sticky":false,"template":"","format":"standard","meta":{"ngg_post_thumbnail":0,"footnotes":""},"categories":[4],"tags":[],"class_list":["post-7882","post","type-post","status-publish","format-standard","has-post-thumbnail","hentry","category-aktualnosci"],"_links":{"self":[{"href":"https:\/\/www.sp11.gliwice.pl\/index.php?rest_route=\/wp\/v2\/posts\/7882","targetHints":{"allow":["GET"]}}],"collection":[{"href":"https:\/\/www.sp11.gliwice.pl\/index.php?rest_route=\/wp\/v2\/posts"}],"about":[{"href":"https:\/\/www.sp11.gliwice.pl\/index.php?rest_route=\/wp\/v2\/types\/post"}],"author":[{"embeddable":true,"href":"https:\/\/www.sp11.gliwice.pl\/index.php?rest_route=\/wp\/v2\/users\/3"}],"replies":[{"embeddable":true,"href":"https:\/\/www.sp11.gliwice.pl\/index.php?rest_route=%2Fwp%2Fv2%2Fcomments&post=7882"}],"version-history":[{"count":1,"href":"https:\/\/www.sp11.gliwice.pl\/index.php?rest_route=\/wp\/v2\/posts\/7882\/revisions"}],"predecessor-version":[{"id":7884,"href":"https:\/\/www.sp11.gliwice.pl\/index.php?rest_route=\/wp\/v2\/posts\/7882\/revisions\/7884"}],"wp:featuredmedia":[{"embeddable":true,"href":"https:\/\/www.sp11.gliwice.pl\/index.php?rest_route=\/wp\/v2\/media\/7883"}],"wp:attachment":[{"href":"https:\/\/www.sp11.gliwice.pl\/index.php?rest_route=%2Fwp%2Fv2%2Fmedia&parent=7882"}],"wp:term":[{"taxonomy":"category","embeddable":true,"href":"https:\/\/www.sp11.gliwice.pl\/index.php?rest_route=%2Fwp%2Fv2%2Fcategories&post=7882"},{"taxonomy":"post_tag","embeddable":true,"href":"https:\/\/www.sp11.gliwice.pl\/index.php?rest_route=%2Fwp%2Fv2%2Ftags&post=7882"}],"curies":[{"name":"wp","href":"https:\/\/api.w.org\/{rel}","templated":true}]}}