{"id":7775,"date":"2023-03-22T10:16:32","date_gmt":"2023-03-22T09:16:32","guid":{"rendered":"https:\/\/www.sp11.gliwice.pl\/?p=7775"},"modified":"2023-03-22T10:16:32","modified_gmt":"2023-03-22T09:16:32","slug":"szymon-wiercioch-sedzia-pilkarski-kolejnym-gosciem-klubu-pilkarza","status":"publish","type":"post","link":"https:\/\/www.sp11.gliwice.pl\/?p=7775","title":{"rendered":"Szymon Wiercioch s\u0119dzia pi\u0142karski kolejnym go\u015bciem Klubu Pi\u0142karza :)"},"content":{"rendered":"<p><span style=\"color: #000000;\">Uczniowie klas 4,5 i 6 mogli porozmawia\u0107 z m\u0142odym cz\u0142owiekiem o jego pasji \ud83d\ude42<\/span><br \/>\n<span style=\"color: #000000;\">M\u00f3wi si\u0119, \u017ce niedaleko pada jab\u0142ko od jab\u0142oni. Kiedy ( tata) Grzegorz Wiercioch rozpoczyna\u0142 swoj\u0105 przygod\u0119 z gwizdkiem syna Szymona jeszcze nie by\u0142o na \u015bwiecie. Dzisiaj obaj Panowie spotykaj\u0105 si\u0119 na meczach futsalowych i pe\u0142ni\u0105 rol\u0119 rozjemc\u00f3w. Jak to si\u0119 sta\u0142o, \u017ce Szymon podobnie jaka tata z\u0142apa\u0142 s\u0119dziowskiego bakcyla<\/span><br \/>\n<span style=\"color: #000000;\">W wieku 15 lat postanowi\u0142 \u017ce spr\u00f3buje p\u00f3j\u015b\u0107 w \u015blady ojca. W p\u00f3\u0142 roku zrobi\u0142 kurs, p\u00f3\u017aniej musia\u0142 poczeka\u0107 na 16 urodziny i nast\u0119pnie zacz\u0105\u0142 biega\u0107 z gwizdkiem na meczach trampkarzy czy m\u0142odzik\u00f3w. Obecnie jest s\u0119dzi\u0105 Futsal Ekstraklasy i jest jednym z najbardziej perspektywicznych s\u0119dzi\u00f3w w Polsce.<\/span><br \/>\n<span style=\"color: #000000;\">Dzi\u0119kujemy za spotkanie i \u017cyczymy Szymonowi, aby poszed\u0142 w \u015blady Szymona Marciniaka \ud83d\ude42<\/span><br \/>\n<span style=\"color: #000000;\">Imi\u0119 zobowi\u0105zuje \ud83d\ude42<\/span><\/p>\n<p style=\"text-align: right;\"><em>Dyrektor Wojciech Kijewski<\/em><\/p>\nngg_shortcode_0_placeholder\n","protected":false},"excerpt":{"rendered":"<p>Uczniowie klas 4,5 i 6 mogli porozmawia\u0107 z m\u0142odym cz\u0142owiekiem o jego pasji \ud83d\ude42 M\u00f3wi si\u0119, \u017ce niedaleko pada jab\u0142ko od jab\u0142oni. Kiedy ( tata) [&hellip;]<\/p>\n","protected":false},"author":3,"featured_media":7776,"comment_status":"closed","ping_status":"closed","sticky":false,"template":"","format":"standard","meta":{"ngg_post_thumbnail":0,"footnotes":""},"categories":[4],"tags":[],"class_list":["post-7775","post","type-post","status-publish","format-standard","has-post-thumbnail","hentry","category-aktualnosci"],"_links":{"self":[{"href":"https:\/\/www.sp11.gliwice.pl\/index.php?rest_route=\/wp\/v2\/posts\/7775","targetHints":{"allow":["GET"]}}],"collection":[{"href":"https:\/\/www.sp11.gliwice.pl\/index.php?rest_route=\/wp\/v2\/posts"}],"about":[{"href":"https:\/\/www.sp11.gliwice.pl\/index.php?rest_route=\/wp\/v2\/types\/post"}],"author":[{"embeddable":true,"href":"https:\/\/www.sp11.gliwice.pl\/index.php?rest_route=\/wp\/v2\/users\/3"}],"replies":[{"embeddable":true,"href":"https:\/\/www.sp11.gliwice.pl\/index.php?rest_route=%2Fwp%2Fv2%2Fcomments&post=7775"}],"version-history":[{"count":1,"href":"https:\/\/www.sp11.gliwice.pl\/index.php?rest_route=\/wp\/v2\/posts\/7775\/revisions"}],"predecessor-version":[{"id":7777,"href":"https:\/\/www.sp11.gliwice.pl\/index.php?rest_route=\/wp\/v2\/posts\/7775\/revisions\/7777"}],"wp:featuredmedia":[{"embeddable":true,"href":"https:\/\/www.sp11.gliwice.pl\/index.php?rest_route=\/wp\/v2\/media\/7776"}],"wp:attachment":[{"href":"https:\/\/www.sp11.gliwice.pl\/index.php?rest_route=%2Fwp%2Fv2%2Fmedia&parent=7775"}],"wp:term":[{"taxonomy":"category","embeddable":true,"href":"https:\/\/www.sp11.gliwice.pl\/index.php?rest_route=%2Fwp%2Fv2%2Fcategories&post=7775"},{"taxonomy":"post_tag","embeddable":true,"href":"https:\/\/www.sp11.gliwice.pl\/index.php?rest_route=%2Fwp%2Fv2%2Ftags&post=7775"}],"curies":[{"name":"wp","href":"https:\/\/api.w.org\/{rel}","templated":true}]}}