{"id":7763,"date":"2023-03-21T18:40:36","date_gmt":"2023-03-21T17:40:36","guid":{"rendered":"https:\/\/www.sp11.gliwice.pl\/?p=7763"},"modified":"2023-03-21T18:51:42","modified_gmt":"2023-03-21T17:51:42","slug":"wiosna-wiosna-wiosna-ach-to-ty-2","status":"publish","type":"post","link":"https:\/\/www.sp11.gliwice.pl\/?p=7763","title":{"rendered":"Wiosna, wiosna, wiosna &#8230;ACH to Ty !  :)"},"content":{"rendered":"<p><span style=\"color: #000000;\">Pierwszy dzie\u0144 wiosny uczniowie klas 1-3 przywitali bardzo kolorowo. Pomimo pochmurnej pogody stroje dzieci nie pozostawia\u0142y z\u0142udze\u0144, \u017ce wiosna jest ju\u017c z nami. Wszyscy wzi\u0119li udzia\u0142 w pokazie mody, zaprezentowali wcze\u015bniej przygotowane ubiory. By\u0142o mn\u00f3stwo \u015bmiechu przy podziwianiu model\u00f3w i modelek. Dzi\u0119kujemy nauczycielom, uczniom oraz rodzicom za pomoc w przygotowaniu imprezy\ud83d\ude0a<\/span><\/p>\n<p style=\"text-align: right;\"><em>mgr Agnieszka Zwoli\u0144ska<\/em><\/p>\nngg_shortcode_0_placeholder\n<p><span style=\"color: #000000;\">Przedszkolaki w kolorowym pochodzie uda\u0142y si\u0119 na poszukiwanie i przywitanie wiosny&nbsp;&nbsp; \ud83d\ude42<\/span><\/p>\nngg_shortcode_1_placeholder\n","protected":false},"excerpt":{"rendered":"<p>Pierwszy dzie\u0144 wiosny uczniowie klas 1-3 przywitali bardzo kolorowo. Pomimo pochmurnej pogody stroje dzieci nie pozostawia\u0142y z\u0142udze\u0144, \u017ce wiosna jest ju\u017c z nami. Wszyscy wzi\u0119li [&hellip;]<\/p>\n","protected":false},"author":3,"featured_media":7764,"comment_status":"closed","ping_status":"closed","sticky":false,"template":"","format":"standard","meta":{"ngg_post_thumbnail":0,"footnotes":""},"categories":[4],"tags":[],"class_list":["post-7763","post","type-post","status-publish","format-standard","has-post-thumbnail","hentry","category-aktualnosci"],"_links":{"self":[{"href":"https:\/\/www.sp11.gliwice.pl\/index.php?rest_route=\/wp\/v2\/posts\/7763","targetHints":{"allow":["GET"]}}],"collection":[{"href":"https:\/\/www.sp11.gliwice.pl\/index.php?rest_route=\/wp\/v2\/posts"}],"about":[{"href":"https:\/\/www.sp11.gliwice.pl\/index.php?rest_route=\/wp\/v2\/types\/post"}],"author":[{"embeddable":true,"href":"https:\/\/www.sp11.gliwice.pl\/index.php?rest_route=\/wp\/v2\/users\/3"}],"replies":[{"embeddable":true,"href":"https:\/\/www.sp11.gliwice.pl\/index.php?rest_route=%2Fwp%2Fv2%2Fcomments&post=7763"}],"version-history":[{"count":3,"href":"https:\/\/www.sp11.gliwice.pl\/index.php?rest_route=\/wp\/v2\/posts\/7763\/revisions"}],"predecessor-version":[{"id":7767,"href":"https:\/\/www.sp11.gliwice.pl\/index.php?rest_route=\/wp\/v2\/posts\/7763\/revisions\/7767"}],"wp:featuredmedia":[{"embeddable":true,"href":"https:\/\/www.sp11.gliwice.pl\/index.php?rest_route=\/wp\/v2\/media\/7764"}],"wp:attachment":[{"href":"https:\/\/www.sp11.gliwice.pl\/index.php?rest_route=%2Fwp%2Fv2%2Fmedia&parent=7763"}],"wp:term":[{"taxonomy":"category","embeddable":true,"href":"https:\/\/www.sp11.gliwice.pl\/index.php?rest_route=%2Fwp%2Fv2%2Fcategories&post=7763"},{"taxonomy":"post_tag","embeddable":true,"href":"https:\/\/www.sp11.gliwice.pl\/index.php?rest_route=%2Fwp%2Fv2%2Ftags&post=7763"}],"curies":[{"name":"wp","href":"https:\/\/api.w.org\/{rel}","templated":true}]}}