{"id":7710,"date":"2023-03-19T17:19:53","date_gmt":"2023-03-19T16:19:53","guid":{"rendered":"https:\/\/www.sp11.gliwice.pl\/?p=7710"},"modified":"2023-03-20T11:04:03","modified_gmt":"2023-03-20T10:04:03","slug":"ii-gliwicki-bieg-kolorowych-skarpetek","status":"publish","type":"post","link":"https:\/\/www.sp11.gliwice.pl\/?p=7710","title":{"rendered":"II Gliwicki Bieg Kolorowych Skarpetek"},"content":{"rendered":"<p><span style=\"color: #000000;\"><strong>21 marca<\/strong> corocznie obchodzony jest <strong>\u015awiatowy Dzie\u0144 Zespo\u0142u Downa.<\/strong> Jego symbolem sta\u0142y si\u0119 kolorowe, niedopasowane do siebie skarpetki, kt\u00f3re zak\u0142adamy jako wyraz solidarno\u015bci z osobami z zespo\u0142em Downa i ich bliskimi.<\/span><\/p>\n<p><span style=\"color: #000000;\">Z tej okazji w niedziel\u0119 <strong>19 marca 2023<\/strong> Fundacja To\u015bka i Przyjaciele zorganizowa\u0142a <strong>II Gliwicki Bieg Kolorowych Skarpetek<\/strong> wraz z integracyjnym piknikiem sportowym.<\/span><\/p>\n<p><span style=\"color: #000000;\">Nasi Wolontariusze (Zuzanna Pyka, Maja W\u00f3jcik z klasy 5, Wiktoria W\u00f3jcik z klasy 7, Karolina Badziura, Amelia Ko\u0144czewska, \u0141ucja Pia\u015bci\u0144ska, Natalia Lech, Magdalena Mach, Matylda Mach, Wiktoria Toborek, Zofia So\u0142tysiak, Kacper Kras\u00f3wka, Piotr Ptaszny, Tymoteusz Grodzki z klasy 8) &nbsp;&nbsp;od wczesnych godzin rannych wspierali organizator\u00f3w tej imprezy! &nbsp;Brawo!!!<\/span><\/p>\n<p><span style=\"color: #000000;\">Ogromne podzi\u0119kowania dla wszystkich naszych dzieci i rodzic\u00f3w za udzia\u0142 w tym wydarzeniu \ud83d\ude42&nbsp;<\/span><\/p>\n<p><span style=\"color: #000000;\">Kochani Rodzice mo\u017cecie by\u0107 dumni ze swoich pociech \ud83d\ude42<\/span><\/p>\n<p style=\"text-align: right;\"><em>mgr Alicja Cielesta<\/em><\/p>\nngg_shortcode_0_placeholder\n","protected":false},"excerpt":{"rendered":"<p>21 marca corocznie obchodzony jest \u015awiatowy Dzie\u0144 Zespo\u0142u Downa. Jego symbolem sta\u0142y si\u0119 kolorowe, niedopasowane do siebie skarpetki, kt\u00f3re zak\u0142adamy jako wyraz solidarno\u015bci z osobami [&hellip;]<\/p>\n","protected":false},"author":3,"featured_media":7711,"comment_status":"closed","ping_status":"closed","sticky":false,"template":"","format":"standard","meta":{"ngg_post_thumbnail":0,"footnotes":""},"categories":[4],"tags":[],"class_list":["post-7710","post","type-post","status-publish","format-standard","has-post-thumbnail","hentry","category-aktualnosci"],"_links":{"self":[{"href":"https:\/\/www.sp11.gliwice.pl\/index.php?rest_route=\/wp\/v2\/posts\/7710","targetHints":{"allow":["GET"]}}],"collection":[{"href":"https:\/\/www.sp11.gliwice.pl\/index.php?rest_route=\/wp\/v2\/posts"}],"about":[{"href":"https:\/\/www.sp11.gliwice.pl\/index.php?rest_route=\/wp\/v2\/types\/post"}],"author":[{"embeddable":true,"href":"https:\/\/www.sp11.gliwice.pl\/index.php?rest_route=\/wp\/v2\/users\/3"}],"replies":[{"embeddable":true,"href":"https:\/\/www.sp11.gliwice.pl\/index.php?rest_route=%2Fwp%2Fv2%2Fcomments&post=7710"}],"version-history":[{"count":4,"href":"https:\/\/www.sp11.gliwice.pl\/index.php?rest_route=\/wp\/v2\/posts\/7710\/revisions"}],"predecessor-version":[{"id":7715,"href":"https:\/\/www.sp11.gliwice.pl\/index.php?rest_route=\/wp\/v2\/posts\/7710\/revisions\/7715"}],"wp:featuredmedia":[{"embeddable":true,"href":"https:\/\/www.sp11.gliwice.pl\/index.php?rest_route=\/wp\/v2\/media\/7711"}],"wp:attachment":[{"href":"https:\/\/www.sp11.gliwice.pl\/index.php?rest_route=%2Fwp%2Fv2%2Fmedia&parent=7710"}],"wp:term":[{"taxonomy":"category","embeddable":true,"href":"https:\/\/www.sp11.gliwice.pl\/index.php?rest_route=%2Fwp%2Fv2%2Fcategories&post=7710"},{"taxonomy":"post_tag","embeddable":true,"href":"https:\/\/www.sp11.gliwice.pl\/index.php?rest_route=%2Fwp%2Fv2%2Ftags&post=7710"}],"curies":[{"name":"wp","href":"https:\/\/api.w.org\/{rel}","templated":true}]}}