{"id":7663,"date":"2023-03-19T16:37:43","date_gmt":"2023-03-19T15:37:43","guid":{"rendered":"https:\/\/www.sp11.gliwice.pl\/?p=7663"},"modified":"2023-03-19T17:16:00","modified_gmt":"2023-03-19T16:16:00","slug":"maly-ksiaze-nieco-inaczej","status":"publish","type":"post","link":"https:\/\/www.sp11.gliwice.pl\/?p=7663","title":{"rendered":",,Ma\u0142y Ksi\u0105\u017c\u0119\u201d nieco inaczej"},"content":{"rendered":"<p><span style=\"color: #000000;\"><strong>,,Ma\u0142y Ksi\u0105\u017c\u0119\u201d nieco inaczej.<br \/>\n<\/strong><\/span><\/p>\n<p><span style=\"color: #000000;\">W czwartek, 16 marca, dzieci z klas 5-8, pod opiek\u0105 nauczycieli, mia\u0142y okazj\u0119 przenie\u015b\u0107 si\u0119&nbsp; w \u015bwiat jednego z najbardziej lubianych bohater\u00f3w literackich \u2013 Ma\u0142ego Ksi\u0119cia, dzi\u0119ki wyj\u015bciu do CK ,,MROWISKO\u201d na spektakl pt. ,,Ma\u0142y Ksi\u0105\u017c\u0119\u201d, w wykonaniu Wroc\u0142awskiego Teatru IN-ART. Ta historia m\u0142odego podr\u00f3\u017cnika, poznaj\u0105cego r\u00f3\u017cne \u015bwiaty, pomog\u0142a widzom pozna\u0107 g\u0142\u0119bi\u0119 nie tylko swoich pragnie\u0144 czy emocji, ale tak\u017ce w\u0142asne s\u0142abo\u015bci.<\/span><\/p>\n<p><span style=\"color: #000000;\">&nbsp;&nbsp;&nbsp;&nbsp;&nbsp;&nbsp;&nbsp;&nbsp;&nbsp;&nbsp;&nbsp; To by\u0142a dla nas cenna lekcja, kt\u00f3ra z pewno\u015bci\u0105 na d\u0142ugo pozostanie w naszej pami\u0119ci.<\/span><\/p>\n<p style=\"text-align: right;\"><em>mgr Izabella Jureczko<\/em><\/p>\nngg_shortcode_0_placeholder\n","protected":false},"excerpt":{"rendered":"<p>,,Ma\u0142y Ksi\u0105\u017c\u0119\u201d nieco inaczej. W czwartek, 16 marca, dzieci z klas 5-8, pod opiek\u0105 nauczycieli, mia\u0142y okazj\u0119 przenie\u015b\u0107 si\u0119&nbsp; w \u015bwiat jednego z najbardziej lubianych [&hellip;]<\/p>\n","protected":false},"author":3,"featured_media":7664,"comment_status":"closed","ping_status":"closed","sticky":false,"template":"","format":"standard","meta":{"ngg_post_thumbnail":0,"footnotes":""},"categories":[4],"tags":[],"class_list":["post-7663","post","type-post","status-publish","format-standard","has-post-thumbnail","hentry","category-aktualnosci"],"_links":{"self":[{"href":"https:\/\/www.sp11.gliwice.pl\/index.php?rest_route=\/wp\/v2\/posts\/7663","targetHints":{"allow":["GET"]}}],"collection":[{"href":"https:\/\/www.sp11.gliwice.pl\/index.php?rest_route=\/wp\/v2\/posts"}],"about":[{"href":"https:\/\/www.sp11.gliwice.pl\/index.php?rest_route=\/wp\/v2\/types\/post"}],"author":[{"embeddable":true,"href":"https:\/\/www.sp11.gliwice.pl\/index.php?rest_route=\/wp\/v2\/users\/3"}],"replies":[{"embeddable":true,"href":"https:\/\/www.sp11.gliwice.pl\/index.php?rest_route=%2Fwp%2Fv2%2Fcomments&post=7663"}],"version-history":[{"count":2,"href":"https:\/\/www.sp11.gliwice.pl\/index.php?rest_route=\/wp\/v2\/posts\/7663\/revisions"}],"predecessor-version":[{"id":7709,"href":"https:\/\/www.sp11.gliwice.pl\/index.php?rest_route=\/wp\/v2\/posts\/7663\/revisions\/7709"}],"wp:featuredmedia":[{"embeddable":true,"href":"https:\/\/www.sp11.gliwice.pl\/index.php?rest_route=\/wp\/v2\/media\/7664"}],"wp:attachment":[{"href":"https:\/\/www.sp11.gliwice.pl\/index.php?rest_route=%2Fwp%2Fv2%2Fmedia&parent=7663"}],"wp:term":[{"taxonomy":"category","embeddable":true,"href":"https:\/\/www.sp11.gliwice.pl\/index.php?rest_route=%2Fwp%2Fv2%2Fcategories&post=7663"},{"taxonomy":"post_tag","embeddable":true,"href":"https:\/\/www.sp11.gliwice.pl\/index.php?rest_route=%2Fwp%2Fv2%2Ftags&post=7663"}],"curies":[{"name":"wp","href":"https:\/\/api.w.org\/{rel}","templated":true}]}}