{"id":7529,"date":"2023-03-14T18:42:18","date_gmt":"2023-03-14T17:42:18","guid":{"rendered":"https:\/\/www.sp11.gliwice.pl\/?p=7529"},"modified":"2023-03-14T18:42:18","modified_gmt":"2023-03-14T17:42:18","slug":"bezkonkurencyjne-zwyciestwo-naszych-uczniow-w-konkursie-matematycznym-liczba-%cf%80","status":"publish","type":"post","link":"https:\/\/www.sp11.gliwice.pl\/?p=7529","title":{"rendered":"BEZKONKURENCYJNE\u00a0 ZWYCI\u0118STWO NASZYCH UCZNI\u00d3W W KONKURSIE MATEMATYCZNYM\u00a0 \u201eLICZBA\u00a0 \u03c0\u201d"},"content":{"rendered":"<p><span style=\"color: #000000;\">Dzie\u0144 14 marca (3.14) jest Mi\u0119dzynarodowym \u015awi\u0119tem Liczby p. Nasi uczniowie z klasy V i VI w sk\u0142adzie: <strong>Anna Knabel, Zuzanna Pyka, Zuzanna W\u0105sik, Hanna Szewczyk i Samuel Urbanek<\/strong>, uczcili to \u015bwi\u0119to zdobywaj\u0105c <strong>I miejsce<\/strong> w konkursie pt \u201eLICZBA <strong><em>\u03c0<\/em><\/strong>\u201d, zorganizowanym przez Szko\u0142\u0119 Podstawow\u0105 z Oddzia\u0142ami Integracyjnymi nr 21 w Gliwicach. Uczniowie nasi byli bezkonkurencyjni, b\u0119d\u0105c jedn\u0105 dru\u017cyn\u0105 o nazwie \u201eSUMA\u201d, wsp\u00f3lnie rozwi\u0105zywali zadania o r\u00f3\u017cnorodnej tematyce. Wykazali si\u0119 nie tylko ogromn\u0105 wiedz\u0105 i umiej\u0119tno\u015bci\u0105 wsp\u00f3\u0142pracy w grupie, ale tak\u017ce \u015bwietnie si\u0119 przy tym bawili. Na koniec w nagrod\u0119 uczniowie otrzymali pami\u0105tkowe medale, dyplomy i nagrody rzeczowe, a puchar i dyplom dla szko\u0142y zosta\u0142 z\u0142o\u017cony na r\u0119ce opiekuna uczni\u00f3w pani mgr in\u017c. Urszuli Skubacz, a nast\u0119pnie umieszczony przez Pana Dyrektora w gablocie trofe\u00f3w \ud83d\ude42<\/span><\/p>\n<p><span style=\"color: #000000;\">BRAWO I GRATULACJE ! \ud83d\ude42<br \/>\n<\/span><\/p>\n<p><span style=\"color: #000000;\"><strong><em>\u03c0<\/em><\/strong> <strong>\u22483,141592653589793238462643383279502884197169&#8230;<\/strong><\/span><\/p>\n<p style=\"text-align: right;\"><em>mgr in\u017c. Urszula Skubacz<\/em><\/p>\nngg_shortcode_0_placeholder\n","protected":false},"excerpt":{"rendered":"<p>Dzie\u0144 14 marca (3.14) jest Mi\u0119dzynarodowym \u015awi\u0119tem Liczby p. Nasi uczniowie z klasy V i VI w sk\u0142adzie: Anna Knabel, Zuzanna Pyka, Zuzanna W\u0105sik, Hanna [&hellip;]<\/p>\n","protected":false},"author":3,"featured_media":7530,"comment_status":"closed","ping_status":"closed","sticky":false,"template":"","format":"standard","meta":{"ngg_post_thumbnail":0,"footnotes":""},"categories":[4],"tags":[],"class_list":["post-7529","post","type-post","status-publish","format-standard","has-post-thumbnail","hentry","category-aktualnosci"],"_links":{"self":[{"href":"https:\/\/www.sp11.gliwice.pl\/index.php?rest_route=\/wp\/v2\/posts\/7529","targetHints":{"allow":["GET"]}}],"collection":[{"href":"https:\/\/www.sp11.gliwice.pl\/index.php?rest_route=\/wp\/v2\/posts"}],"about":[{"href":"https:\/\/www.sp11.gliwice.pl\/index.php?rest_route=\/wp\/v2\/types\/post"}],"author":[{"embeddable":true,"href":"https:\/\/www.sp11.gliwice.pl\/index.php?rest_route=\/wp\/v2\/users\/3"}],"replies":[{"embeddable":true,"href":"https:\/\/www.sp11.gliwice.pl\/index.php?rest_route=%2Fwp%2Fv2%2Fcomments&post=7529"}],"version-history":[{"count":1,"href":"https:\/\/www.sp11.gliwice.pl\/index.php?rest_route=\/wp\/v2\/posts\/7529\/revisions"}],"predecessor-version":[{"id":7531,"href":"https:\/\/www.sp11.gliwice.pl\/index.php?rest_route=\/wp\/v2\/posts\/7529\/revisions\/7531"}],"wp:featuredmedia":[{"embeddable":true,"href":"https:\/\/www.sp11.gliwice.pl\/index.php?rest_route=\/wp\/v2\/media\/7530"}],"wp:attachment":[{"href":"https:\/\/www.sp11.gliwice.pl\/index.php?rest_route=%2Fwp%2Fv2%2Fmedia&parent=7529"}],"wp:term":[{"taxonomy":"category","embeddable":true,"href":"https:\/\/www.sp11.gliwice.pl\/index.php?rest_route=%2Fwp%2Fv2%2Fcategories&post=7529"},{"taxonomy":"post_tag","embeddable":true,"href":"https:\/\/www.sp11.gliwice.pl\/index.php?rest_route=%2Fwp%2Fv2%2Ftags&post=7529"}],"curies":[{"name":"wp","href":"https:\/\/api.w.org\/{rel}","templated":true}]}}