{"id":7491,"date":"2023-03-11T22:52:35","date_gmt":"2023-03-11T21:52:35","guid":{"rendered":"https:\/\/www.sp11.gliwice.pl\/?p=7491"},"modified":"2023-03-11T22:53:17","modified_gmt":"2023-03-11T21:53:17","slug":"dzien-kobiet-w-przedszkolu-2","status":"publish","type":"post","link":"https:\/\/www.sp11.gliwice.pl\/?p=7491","title":{"rendered":"Dzie\u0144 Kobiet w przedszkolu \ud83d\ude00"},"content":{"rendered":"<p><span style=\"color: #000000;\">Dnia 8 marca odby\u0142a si\u0119 w przedszkolu uroczysto\u015b\u0107 z okazji Dnia Kobiet. W tym dniu we wszystkich grupach przedszkolnych ch\u0142opcy z\u0142o\u017cyli dziewczynkom \u017cyczenia, za\u015bpiewali &#8222;Sto lat&#8221; i wr\u0119czyli upominki. By\u0142 te\u017c czas na wsp\u00f3ln\u0105 zabaw\u0119 przy weso\u0142ych rytmach muzyki. Dzie\u0144 ten up\u0142yn\u0105\u0142 nam w radosnej i od\u015bwi\u0119tnej atmosferze. \ud83d\ude42<br \/>\n<\/span><\/p>\n<p style=\"text-align: right;\"><em>mgr Katarzyna<\/em><em> P\u0142onka<\/em><\/p>\nngg_shortcode_0_placeholder\n","protected":false},"excerpt":{"rendered":"<p>Dnia 8 marca odby\u0142a si\u0119 w przedszkolu uroczysto\u015b\u0107 z okazji Dnia Kobiet. W tym dniu we wszystkich grupach przedszkolnych ch\u0142opcy z\u0142o\u017cyli dziewczynkom \u017cyczenia, za\u015bpiewali &#8222;Sto [&hellip;]<\/p>\n","protected":false},"author":3,"featured_media":7492,"comment_status":"closed","ping_status":"closed","sticky":false,"template":"","format":"standard","meta":{"ngg_post_thumbnail":0,"footnotes":""},"categories":[4],"tags":[],"class_list":["post-7491","post","type-post","status-publish","format-standard","has-post-thumbnail","hentry","category-aktualnosci"],"_links":{"self":[{"href":"https:\/\/www.sp11.gliwice.pl\/index.php?rest_route=\/wp\/v2\/posts\/7491","targetHints":{"allow":["GET"]}}],"collection":[{"href":"https:\/\/www.sp11.gliwice.pl\/index.php?rest_route=\/wp\/v2\/posts"}],"about":[{"href":"https:\/\/www.sp11.gliwice.pl\/index.php?rest_route=\/wp\/v2\/types\/post"}],"author":[{"embeddable":true,"href":"https:\/\/www.sp11.gliwice.pl\/index.php?rest_route=\/wp\/v2\/users\/3"}],"replies":[{"embeddable":true,"href":"https:\/\/www.sp11.gliwice.pl\/index.php?rest_route=%2Fwp%2Fv2%2Fcomments&post=7491"}],"version-history":[{"count":2,"href":"https:\/\/www.sp11.gliwice.pl\/index.php?rest_route=\/wp\/v2\/posts\/7491\/revisions"}],"predecessor-version":[{"id":7494,"href":"https:\/\/www.sp11.gliwice.pl\/index.php?rest_route=\/wp\/v2\/posts\/7491\/revisions\/7494"}],"wp:featuredmedia":[{"embeddable":true,"href":"https:\/\/www.sp11.gliwice.pl\/index.php?rest_route=\/wp\/v2\/media\/7492"}],"wp:attachment":[{"href":"https:\/\/www.sp11.gliwice.pl\/index.php?rest_route=%2Fwp%2Fv2%2Fmedia&parent=7491"}],"wp:term":[{"taxonomy":"category","embeddable":true,"href":"https:\/\/www.sp11.gliwice.pl\/index.php?rest_route=%2Fwp%2Fv2%2Fcategories&post=7491"},{"taxonomy":"post_tag","embeddable":true,"href":"https:\/\/www.sp11.gliwice.pl\/index.php?rest_route=%2Fwp%2Fv2%2Ftags&post=7491"}],"curies":[{"name":"wp","href":"https:\/\/api.w.org\/{rel}","templated":true}]}}