{"id":7415,"date":"2023-03-07T17:47:45","date_gmt":"2023-03-07T16:47:45","guid":{"rendered":"https:\/\/www.sp11.gliwice.pl\/?p=7415"},"modified":"2023-03-07T17:47:45","modified_gmt":"2023-03-07T16:47:45","slug":"warsztaty-mydlarskie-w-kangurkach","status":"publish","type":"post","link":"https:\/\/www.sp11.gliwice.pl\/?p=7415","title":{"rendered":"Warsztaty mydlarskie w Kangurkach :)"},"content":{"rendered":"<div dir=\"auto\">\n<div dir=\"auto\"><span style=\"color: #000000;\">Wkraczaj\u0105c w tematyk\u0119 higieny i zdrowego stylu \u017cycia, przedszkolaki z grupy &#8222;Kangurki&#8221; wzi\u0119\u0142y udzia\u0142 w warsztatach mydlarskich. Dzieci od podstaw stworzy\u0142y w\u0142asne myde\u0142ka. Samodzielnie wybiera\u0142y wzory, kolory a nawet zapachy! \ud83e\udd70<\/span><\/div>\n<div dir=\"auto\"><span style=\"color: #000000;\">To by\u0142a \u015bwietna zabawa i niezwykle ciekawe do\u015bwiadczenie \u2757\ud83d\ude09<\/span><\/div>\n<div dir=\"auto\" style=\"text-align: right;\"><em>mgr Magdalena Ga\u0142a<\/em><\/div>\n<div dir=\"auto\">ngg_shortcode_0_placeholder<\/div>\n<\/div>\n","protected":false},"excerpt":{"rendered":"<p>Wkraczaj\u0105c w tematyk\u0119 higieny i zdrowego stylu \u017cycia, przedszkolaki z grupy &#8222;Kangurki&#8221; wzi\u0119\u0142y udzia\u0142 w warsztatach mydlarskich. Dzieci od podstaw stworzy\u0142y w\u0142asne myde\u0142ka. Samodzielnie wybiera\u0142y [&hellip;]<\/p>\n","protected":false},"author":3,"featured_media":7416,"comment_status":"closed","ping_status":"closed","sticky":false,"template":"","format":"standard","meta":{"ngg_post_thumbnail":0,"footnotes":""},"categories":[4],"tags":[],"class_list":["post-7415","post","type-post","status-publish","format-standard","has-post-thumbnail","hentry","category-aktualnosci"],"_links":{"self":[{"href":"https:\/\/www.sp11.gliwice.pl\/index.php?rest_route=\/wp\/v2\/posts\/7415","targetHints":{"allow":["GET"]}}],"collection":[{"href":"https:\/\/www.sp11.gliwice.pl\/index.php?rest_route=\/wp\/v2\/posts"}],"about":[{"href":"https:\/\/www.sp11.gliwice.pl\/index.php?rest_route=\/wp\/v2\/types\/post"}],"author":[{"embeddable":true,"href":"https:\/\/www.sp11.gliwice.pl\/index.php?rest_route=\/wp\/v2\/users\/3"}],"replies":[{"embeddable":true,"href":"https:\/\/www.sp11.gliwice.pl\/index.php?rest_route=%2Fwp%2Fv2%2Fcomments&post=7415"}],"version-history":[{"count":1,"href":"https:\/\/www.sp11.gliwice.pl\/index.php?rest_route=\/wp\/v2\/posts\/7415\/revisions"}],"predecessor-version":[{"id":7417,"href":"https:\/\/www.sp11.gliwice.pl\/index.php?rest_route=\/wp\/v2\/posts\/7415\/revisions\/7417"}],"wp:featuredmedia":[{"embeddable":true,"href":"https:\/\/www.sp11.gliwice.pl\/index.php?rest_route=\/wp\/v2\/media\/7416"}],"wp:attachment":[{"href":"https:\/\/www.sp11.gliwice.pl\/index.php?rest_route=%2Fwp%2Fv2%2Fmedia&parent=7415"}],"wp:term":[{"taxonomy":"category","embeddable":true,"href":"https:\/\/www.sp11.gliwice.pl\/index.php?rest_route=%2Fwp%2Fv2%2Fcategories&post=7415"},{"taxonomy":"post_tag","embeddable":true,"href":"https:\/\/www.sp11.gliwice.pl\/index.php?rest_route=%2Fwp%2Fv2%2Ftags&post=7415"}],"curies":[{"name":"wp","href":"https:\/\/api.w.org\/{rel}","templated":true}]}}