{"id":7366,"date":"2023-03-07T12:36:24","date_gmt":"2023-03-07T11:36:24","guid":{"rendered":"https:\/\/www.sp11.gliwice.pl\/?p=7366"},"modified":"2023-03-07T12:36:24","modified_gmt":"2023-03-07T11:36:24","slug":"dzien-dentysty-w-przedszkolu","status":"publish","type":"post","link":"https:\/\/www.sp11.gliwice.pl\/?p=7366","title":{"rendered":"DZIE\u0143  DENTYSTY  W  PRZEDSZKOLU :)"},"content":{"rendered":"<p><span style=\"color: #000000;\">&nbsp;6 marca obchodzili\u015bmy w naszym przedszkolu &#8222;<strong>Dzie\u0144 Dentysty<\/strong>&#8222;.<\/span><\/p>\n<p><span style=\"color: #000000;\">Dzieci ogl\u0105daj\u0105c prezentacj\u0119 multimedialn\u0105, pozna\u0142y na czym polega praca stomatologa, mia\u0142y okazj\u0119 dowiedzie\u0107 si\u0119 jak dba\u0107 o higien\u0119 jamy ustnej, aby z\u0105bki by\u0142y zawsze zdrowe, a u\u015bmiech b\u0142yszcza\u0142 czysto\u015bci\u0105. Zwr\u00f3cono tak\u017ce uwag\u0119 dzieci na etapy mycia z\u0119b\u00f3w oraz na systematyczne kontrolowanie stanu uz\u0119bienia w gabinecie stomatologicznym.<\/span><\/p>\n<p style=\"text-align: right;\"><em>mgr Cecylia Pierzcha\u0142a<\/em><\/p>\nngg_shortcode_0_placeholder\n","protected":false},"excerpt":{"rendered":"<p>&nbsp;6 marca obchodzili\u015bmy w naszym przedszkolu &#8222;Dzie\u0144 Dentysty&#8222;. Dzieci ogl\u0105daj\u0105c prezentacj\u0119 multimedialn\u0105, pozna\u0142y na czym polega praca stomatologa, mia\u0142y okazj\u0119 dowiedzie\u0107 si\u0119 jak dba\u0107 o [&hellip;]<\/p>\n","protected":false},"author":3,"featured_media":7367,"comment_status":"closed","ping_status":"closed","sticky":false,"template":"","format":"standard","meta":{"ngg_post_thumbnail":0,"footnotes":""},"categories":[4],"tags":[],"class_list":["post-7366","post","type-post","status-publish","format-standard","has-post-thumbnail","hentry","category-aktualnosci"],"_links":{"self":[{"href":"https:\/\/www.sp11.gliwice.pl\/index.php?rest_route=\/wp\/v2\/posts\/7366","targetHints":{"allow":["GET"]}}],"collection":[{"href":"https:\/\/www.sp11.gliwice.pl\/index.php?rest_route=\/wp\/v2\/posts"}],"about":[{"href":"https:\/\/www.sp11.gliwice.pl\/index.php?rest_route=\/wp\/v2\/types\/post"}],"author":[{"embeddable":true,"href":"https:\/\/www.sp11.gliwice.pl\/index.php?rest_route=\/wp\/v2\/users\/3"}],"replies":[{"embeddable":true,"href":"https:\/\/www.sp11.gliwice.pl\/index.php?rest_route=%2Fwp%2Fv2%2Fcomments&post=7366"}],"version-history":[{"count":1,"href":"https:\/\/www.sp11.gliwice.pl\/index.php?rest_route=\/wp\/v2\/posts\/7366\/revisions"}],"predecessor-version":[{"id":7368,"href":"https:\/\/www.sp11.gliwice.pl\/index.php?rest_route=\/wp\/v2\/posts\/7366\/revisions\/7368"}],"wp:featuredmedia":[{"embeddable":true,"href":"https:\/\/www.sp11.gliwice.pl\/index.php?rest_route=\/wp\/v2\/media\/7367"}],"wp:attachment":[{"href":"https:\/\/www.sp11.gliwice.pl\/index.php?rest_route=%2Fwp%2Fv2%2Fmedia&parent=7366"}],"wp:term":[{"taxonomy":"category","embeddable":true,"href":"https:\/\/www.sp11.gliwice.pl\/index.php?rest_route=%2Fwp%2Fv2%2Fcategories&post=7366"},{"taxonomy":"post_tag","embeddable":true,"href":"https:\/\/www.sp11.gliwice.pl\/index.php?rest_route=%2Fwp%2Fv2%2Ftags&post=7366"}],"curies":[{"name":"wp","href":"https:\/\/api.w.org\/{rel}","templated":true}]}}