{"id":7340,"date":"2023-03-05T18:42:43","date_gmt":"2023-03-05T17:42:43","guid":{"rendered":"https:\/\/www.sp11.gliwice.pl\/?p=7340"},"modified":"2023-03-05T18:44:59","modified_gmt":"2023-03-05T17:44:59","slug":"dzien-teatru-w-naszej-szkole","status":"publish","type":"post","link":"https:\/\/www.sp11.gliwice.pl\/?p=7340","title":{"rendered":"Dzie\u0144 Teatru w naszej szkole :)"},"content":{"rendered":"<div dir=\"auto\">\n<div dir=\"auto\"><span style=\"color: #000000;\">Z okazji Dnia Teatru uczniowie nale\u017c\u0105cy do Ko\u0142a Teatralnego w naszej szkole przygotowali przedstawienie pt. \u201eBajkowy misz- masz&#8221;.&nbsp; Przedstawienie zaprezentowano trzykrotnie dla przedszkolak\u00f3w, klas 1-4 oraz 5-8 wraz z Nauczycielami. Celem imprezy by\u0142o zar\u00f3wno rozbudzenie wra\u017cliwo\u015bci estetycznej, jak i zaprezentowanie posiadanych umiej\u0119tno\u015bci zwi\u0105zanych z tworzeniem dzie\u0142a teatralnego.<\/span><\/div>\n<div dir=\"auto\"><span style=\"color: #000000;\">Wszyscy w\u0142o\u017cyli du\u017co pracy, aby jak najlepiej odegra\u0107 swoj\u0105 rol\u0119. Klimat przedstawienia podkre\u015bli\u0142a aran\u017cacja oraz muzyka.&nbsp;&nbsp;<\/span><\/div>\n<div dir=\"auto\">&nbsp;<\/div>\n<div dir=\"auto\"><span style=\"color: #000000;\">Po zako\u0144czonym przedstawieniu dla klas 5-8 zosta\u0142y r\u00f3wnie\u017c wr\u0119czone dyplomy i nagrody dla zwyci\u0119zc\u00f3w w konkursie plastycznym organizowanym z okazji 150- lecia naszej szko\u0142y \u201eSzko\u0142a- m\u00f3j drugi dom&#8221;.<\/span><\/div>\n<div dir=\"auto\">&nbsp;<\/div>\n<div dir=\"auto\"><span style=\"color: #000000;\">W gronie zwyci\u0119zc\u00f3w znalaz\u0142y si\u0119:<\/span><\/div>\n<div dir=\"auto\"><span style=\"color: #000000;\">I miejsce: Amelia Gr\u0105dkowska z kl.8<\/span><\/div>\n<div dir=\"auto\"><span style=\"color: #000000;\">II miejsce: \u0141ucja Pia\u015bci\u0144ska z kl. 8<\/span><\/div>\n<div dir=\"auto\"><span style=\"color: #000000;\">III miejsce: Natalia Zieli\u0144ska z kl. 6<\/span><\/div>\n<div dir=\"auto\">&nbsp;<\/div>\n<div dir=\"auto\"><span style=\"color: #000000;\">Jeszcze raz serdecznie gratulujemy!<\/span><\/div>\n<div dir=\"auto\" style=\"text-align: right;\"><em>mgr Natalia Drapa, mgr Jolanta Lisowska, mgr Agnieszka Zwoli\u0144ska<\/em><\/div>\n<div dir=\"auto\">ngg_shortcode_0_placeholder<\/div>\n<\/div>\n","protected":false},"excerpt":{"rendered":"<p>Z okazji Dnia Teatru uczniowie nale\u017c\u0105cy do Ko\u0142a Teatralnego w naszej szkole przygotowali przedstawienie pt. \u201eBajkowy misz- masz&#8221;.&nbsp; Przedstawienie zaprezentowano trzykrotnie dla przedszkolak\u00f3w, klas 1-4 [&hellip;]<\/p>\n","protected":false},"author":3,"featured_media":7341,"comment_status":"closed","ping_status":"closed","sticky":false,"template":"","format":"standard","meta":{"ngg_post_thumbnail":0,"footnotes":""},"categories":[4],"tags":[],"class_list":["post-7340","post","type-post","status-publish","format-standard","has-post-thumbnail","hentry","category-aktualnosci"],"_links":{"self":[{"href":"https:\/\/www.sp11.gliwice.pl\/index.php?rest_route=\/wp\/v2\/posts\/7340","targetHints":{"allow":["GET"]}}],"collection":[{"href":"https:\/\/www.sp11.gliwice.pl\/index.php?rest_route=\/wp\/v2\/posts"}],"about":[{"href":"https:\/\/www.sp11.gliwice.pl\/index.php?rest_route=\/wp\/v2\/types\/post"}],"author":[{"embeddable":true,"href":"https:\/\/www.sp11.gliwice.pl\/index.php?rest_route=\/wp\/v2\/users\/3"}],"replies":[{"embeddable":true,"href":"https:\/\/www.sp11.gliwice.pl\/index.php?rest_route=%2Fwp%2Fv2%2Fcomments&post=7340"}],"version-history":[{"count":2,"href":"https:\/\/www.sp11.gliwice.pl\/index.php?rest_route=\/wp\/v2\/posts\/7340\/revisions"}],"predecessor-version":[{"id":7343,"href":"https:\/\/www.sp11.gliwice.pl\/index.php?rest_route=\/wp\/v2\/posts\/7340\/revisions\/7343"}],"wp:featuredmedia":[{"embeddable":true,"href":"https:\/\/www.sp11.gliwice.pl\/index.php?rest_route=\/wp\/v2\/media\/7341"}],"wp:attachment":[{"href":"https:\/\/www.sp11.gliwice.pl\/index.php?rest_route=%2Fwp%2Fv2%2Fmedia&parent=7340"}],"wp:term":[{"taxonomy":"category","embeddable":true,"href":"https:\/\/www.sp11.gliwice.pl\/index.php?rest_route=%2Fwp%2Fv2%2Fcategories&post=7340"},{"taxonomy":"post_tag","embeddable":true,"href":"https:\/\/www.sp11.gliwice.pl\/index.php?rest_route=%2Fwp%2Fv2%2Ftags&post=7340"}],"curies":[{"name":"wp","href":"https:\/\/api.w.org\/{rel}","templated":true}]}}